{"id":10229,"date":"2023-12-15T08:42:37","date_gmt":"2023-12-15T07:42:37","guid":{"rendered":"https:\/\/labarraca1912.es\/?p=10229"},"modified":"2023-12-15T12:19:44","modified_gmt":"2023-12-15T11:19:44","slug":"la-barraca-alimentacion-implanta-su-instalacion-fotovoltaica","status":"publish","type":"post","link":"https:\/\/labarraca1912.es\/en\/la-barraca-alimentacion-implanta-su-instalacion-fotovoltaica\/","title":{"rendered":"La Barraca Alimentaci\u00f3n implanta su Instalaci\u00f3n Fotovoltaica"},"content":{"rendered":"<p>La Barraca Alimentaci\u00f3n ha implantado durante este a\u00f1o 2023 una instalaci\u00f3n fotovoltaica de autoconsumo, de esta manera nuestra empresa se suma a una energ\u00eda limpia y renovable. Esta instalaci\u00f3n ha sido llevada a cabo en la cubierta superior de nuestra empresa, para aprovechar de la mejor manera esta energ\u00eda.<\/p>\n\n\n\n<figure class=\"wp-block-gallery has-nested-images columns-default is-cropped wp-block-gallery-1 is-layout-flex wp-block-gallery-is-layout-flex\">\n<figure class=\"wp-block-image size-large\"><img decoding=\"async\" width=\"1024\" height=\"768\" data-id=\"10230\" src=\"https:\/\/labarraca1912.es\/wp-content\/uploads\/2-3.jpg\" alt=\"\" class=\"wp-image-10230\" srcset=\"https:\/\/labarraca1912.es\/wp-content\/uploads\/2-3.jpg 1024w, https:\/\/labarraca1912.es\/wp-content\/uploads\/2-3-980x735.jpg 980w, https:\/\/labarraca1912.es\/wp-content\/uploads\/2-3-480x360.jpg 480w\" sizes=\"(min-width: 0px) and (max-width: 480px) 480px, (min-width: 481px) and (max-width: 980px) 980px, (min-width: 981px) 1024px, 100vw\" \/><\/figure>\n\n\n\n<figure class=\"wp-block-image size-large\"><img decoding=\"async\" width=\"1024\" height=\"768\" data-id=\"10232\" src=\"https:\/\/labarraca1912.es\/wp-content\/uploads\/3-2.jpg\" alt=\"\" class=\"wp-image-10232\" srcset=\"https:\/\/labarraca1912.es\/wp-content\/uploads\/3-2.jpg 1024w, https:\/\/labarraca1912.es\/wp-content\/uploads\/3-2-980x735.jpg 980w, https:\/\/labarraca1912.es\/wp-content\/uploads\/3-2-480x360.jpg 480w\" sizes=\"(min-width: 0px) and (max-width: 480px) 480px, (min-width: 481px) and (max-width: 980px) 980px, (min-width: 981px) 1024px, 100vw\" \/><\/figure>\n\n\n\n<figure class=\"wp-block-image size-large\"><img decoding=\"async\" width=\"1440\" height=\"1920\" data-id=\"10234\" src=\"https:\/\/labarraca1912.es\/wp-content\/uploads\/10-scaled.jpg\" alt=\"\" class=\"wp-image-10234\" srcset=\"https:\/\/labarraca1912.es\/wp-content\/uploads\/10-scaled.jpg 1440w, https:\/\/labarraca1912.es\/wp-content\/uploads\/10-1280x1707.jpg 1280w, https:\/\/labarraca1912.es\/wp-content\/uploads\/10-980x1307.jpg 980w, https:\/\/labarraca1912.es\/wp-content\/uploads\/10-480x640.jpg 480w\" sizes=\"(min-width: 0px) and (max-width: 480px) 480px, (min-width: 481px) and (max-width: 980px) 980px, (min-width: 981px) and (max-width: 1280px) 1280px, (min-width: 1281px) 1440px, 100vw\" \/><\/figure>\n\n\n\n<figure class=\"wp-block-image size-large\"><img decoding=\"async\" width=\"1200\" height=\"1599\" data-id=\"10235\" src=\"https:\/\/labarraca1912.es\/wp-content\/uploads\/12.jpg\" alt=\"\" class=\"wp-image-10235\" srcset=\"https:\/\/labarraca1912.es\/wp-content\/uploads\/12.jpg 1200w, https:\/\/labarraca1912.es\/wp-content\/uploads\/12-980x1306.jpg 980w, https:\/\/labarraca1912.es\/wp-content\/uploads\/12-480x640.jpg 480w\" sizes=\"(min-width: 0px) and (max-width: 480px) 480px, (min-width: 481px) and (max-width: 980px) 980px, (min-width: 981px) 1200px, 100vw\" \/><\/figure>\n\n\n\n<figure class=\"wp-block-image size-large\"><img decoding=\"async\" width=\"1200\" height=\"1599\" data-id=\"10236\" src=\"https:\/\/labarraca1912.es\/wp-content\/uploads\/14.jpg\" alt=\"\" class=\"wp-image-10236\" srcset=\"https:\/\/labarraca1912.es\/wp-content\/uploads\/14.jpg 1200w, https:\/\/labarraca1912.es\/wp-content\/uploads\/14-980x1306.jpg 980w, https:\/\/labarraca1912.es\/wp-content\/uploads\/14-480x640.jpg 480w\" sizes=\"(min-width: 0px) and (max-width: 480px) 480px, (min-width: 481px) and (max-width: 980px) 980px, (min-width: 981px) 1200px, 100vw\" \/><\/figure>\n\n\n\n<figure class=\"wp-block-image size-large\"><img decoding=\"async\" width=\"1200\" height=\"1599\" data-id=\"10233\" src=\"https:\/\/labarraca1912.es\/wp-content\/uploads\/15.jpg\" alt=\"\" class=\"wp-image-10233\" srcset=\"https:\/\/labarraca1912.es\/wp-content\/uploads\/15.jpg 1200w, https:\/\/labarraca1912.es\/wp-content\/uploads\/15-980x1306.jpg 980w, https:\/\/labarraca1912.es\/wp-content\/uploads\/15-480x640.jpg 480w\" sizes=\"(min-width: 0px) and (max-width: 480px) 480px, (min-width: 481px) and (max-width: 980px) 980px, (min-width: 981px) 1200px, 100vw\" \/><\/figure>\n\n\n\n<figure class=\"wp-block-image size-large\"><img decoding=\"async\" width=\"1200\" height=\"1599\" data-id=\"10238\" src=\"https:\/\/labarraca1912.es\/wp-content\/uploads\/16.jpg\" alt=\"\" class=\"wp-image-10238\" srcset=\"https:\/\/labarraca1912.es\/wp-content\/uploads\/16.jpg 1200w, https:\/\/labarraca1912.es\/wp-content\/uploads\/16-980x1306.jpg 980w, https:\/\/labarraca1912.es\/wp-content\/uploads\/16-480x640.jpg 480w\" sizes=\"(min-width: 0px) and (max-width: 480px) 480px, (min-width: 481px) and (max-width: 980px) 980px, (min-width: 981px) 1200px, 100vw\" \/><\/figure>\n\n\n\n<figure class=\"wp-block-image size-large\"><img decoding=\"async\" width=\"1200\" height=\"1599\" data-id=\"10231\" src=\"https:\/\/labarraca1912.es\/wp-content\/uploads\/18.jpg\" alt=\"\" class=\"wp-image-10231\" srcset=\"https:\/\/labarraca1912.es\/wp-content\/uploads\/18.jpg 1200w, https:\/\/labarraca1912.es\/wp-content\/uploads\/18-980x1306.jpg 980w, https:\/\/labarraca1912.es\/wp-content\/uploads\/18-480x640.jpg 480w\" sizes=\"(min-width: 0px) and (max-width: 480px) 480px, (min-width: 481px) and (max-width: 980px) 980px, (min-width: 981px) 1200px, 100vw\" \/><\/figure>\n\n\n\n<figure class=\"wp-block-image size-large\"><img decoding=\"async\" width=\"1200\" height=\"1599\" data-id=\"10237\" src=\"https:\/\/labarraca1912.es\/wp-content\/uploads\/19.jpg\" alt=\"\" class=\"wp-image-10237\" srcset=\"https:\/\/labarraca1912.es\/wp-content\/uploads\/19.jpg 1200w, https:\/\/labarraca1912.es\/wp-content\/uploads\/19-980x1306.jpg 980w, https:\/\/labarraca1912.es\/wp-content\/uploads\/19-480x640.jpg 480w\" sizes=\"(min-width: 0px) and (max-width: 480px) 480px, (min-width: 481px) and (max-width: 980px) 980px, (min-width: 981px) 1200px, 100vw\" \/><\/figure>\n<\/figure>\n\n\n\n<figure class=\"wp-block-embed is-type-video is-provider-youtube wp-block-embed-youtube wp-embed-aspect-16-9 wp-has-aspect-ratio\"><div class=\"wp-block-embed__wrapper\">\n<iframe title=\"Instalaci\u00f3n Fotovoltaica en La Barraca Alimentaci\u00f3n\" width=\"1080\" height=\"608\" src=\"https:\/\/www.youtube.com\/embed\/jYzl8Vxv2no?feature=oembed&#038;enablejsapi=1&#038;origin=https:\/\/labarraca1912.es\"  allow=\"accelerometer; autoplay; clipboard-write; encrypted-media; gyroscope; picture-in-picture; web-share\" allowfullscreen><\/iframe>\n<\/div><\/figure>\n\n\n\n<h2 class=\"wp-block-heading\">INSTALACI\u00d3N FOTOVOLTAICA DE AUTOCONSUMO SOBRE CUBIERTA DE 99,9 kWp EN EMPRESA AGROALIMENTARIA<\/h2>\n\n\n\n<p><strong>La Barraca Alimentaci\u00f3n<\/strong> se ha acogido al programa de incentivos ligados al autoconsumo y almacenamiento, con fuentes de energ\u00eda renovable, as\u00ed como a la implantaci\u00f3n de sistemas t\u00e9rmicos renovables en el sector residencial en el marco del <strong>Plan de Recuperaci\u00f3n, Transformaci\u00f3n y Resiliencia, financiado por la Uni\u00f3n Europea &#8211; NextGenerationEU<\/strong><\/p>\n\n\n\n<p class=\"has-medium-font-size\"><strong>Inversi\u00f3n total: 66.580,88\u20ac.<\/strong><\/p>\n\n\n\n<p class=\"has-medium-font-size\"><strong>Importe de la ayuda: 16.645,22\u20ac<\/strong><\/p>\n\n\n\n<p class=\"has-medium-font-size\"><strong>Potencia (kW): 100<\/strong><\/p>\n\n\n\n<figure class=\"wp-block-gallery has-nested-images columns-default is-cropped wp-block-gallery-2 is-layout-flex wp-block-gallery-is-layout-flex\">\n<figure class=\"wp-block-image size-large\"><img decoding=\"async\" width=\"1412\" height=\"626\" data-id=\"10041\" src=\"https:\/\/labarraca1912.es\/wp-content\/uploads\/GENERALITAT_Mesa-de-trabajo-1.jpg\" alt=\"\" class=\"wp-image-10041\" srcset=\"https:\/\/labarraca1912.es\/wp-content\/uploads\/GENERALITAT_Mesa-de-trabajo-1.jpg 1412w, https:\/\/labarraca1912.es\/wp-content\/uploads\/GENERALITAT_Mesa-de-trabajo-1-1280x567.jpg 1280w, https:\/\/labarraca1912.es\/wp-content\/uploads\/GENERALITAT_Mesa-de-trabajo-1-980x434.jpg 980w, https:\/\/labarraca1912.es\/wp-content\/uploads\/GENERALITAT_Mesa-de-trabajo-1-480x213.jpg 480w\" sizes=\"(min-width: 0px) and (max-width: 480px) 480px, (min-width: 481px) and (max-width: 980px) 980px, (min-width: 981px) and (max-width: 1280px) 1280px, (min-width: 1281px) 1412px, 100vw\" \/><\/figure>\n\n\n\n<figure class=\"wp-block-image size-large\"><img decoding=\"async\" width=\"1412\" height=\"626\" data-id=\"10042\" src=\"https:\/\/labarraca1912.es\/wp-content\/uploads\/IVACE_Mesa-de-trabajo-1.jpg\" alt=\"\" class=\"wp-image-10042\" srcset=\"https:\/\/labarraca1912.es\/wp-content\/uploads\/IVACE_Mesa-de-trabajo-1.jpg 1412w, https:\/\/labarraca1912.es\/wp-content\/uploads\/IVACE_Mesa-de-trabajo-1-1280x567.jpg 1280w, https:\/\/labarraca1912.es\/wp-content\/uploads\/IVACE_Mesa-de-trabajo-1-980x434.jpg 980w, https:\/\/labarraca1912.es\/wp-content\/uploads\/IVACE_Mesa-de-trabajo-1-480x213.jpg 480w\" sizes=\"(min-width: 0px) and (max-width: 480px) 480px, (min-width: 481px) and (max-width: 980px) 980px, (min-width: 981px) and (max-width: 1280px) 1280px, (min-width: 1281px) 1412px, 100vw\" \/><\/figure>\n\n\n\n<figure class=\"wp-block-image size-large\"><img decoding=\"async\" width=\"1412\" height=\"626\" data-id=\"10043\" src=\"https:\/\/labarraca1912.es\/wp-content\/uploads\/MINISTERIO_Mesa-de-trabajo-1.jpg\" alt=\"\" class=\"wp-image-10043\" srcset=\"https:\/\/labarraca1912.es\/wp-content\/uploads\/MINISTERIO_Mesa-de-trabajo-1.jpg 1412w, https:\/\/labarraca1912.es\/wp-content\/uploads\/MINISTERIO_Mesa-de-trabajo-1-1280x567.jpg 1280w, https:\/\/labarraca1912.es\/wp-content\/uploads\/MINISTERIO_Mesa-de-trabajo-1-980x434.jpg 980w, https:\/\/labarraca1912.es\/wp-content\/uploads\/MINISTERIO_Mesa-de-trabajo-1-480x213.jpg 480w\" sizes=\"(min-width: 0px) and (max-width: 480px) 480px, (min-width: 481px) and (max-width: 980px) 980px, (min-width: 981px) and (max-width: 1280px) 1280px, (min-width: 1281px) 1412px, 100vw\" \/><\/figure>\n\n\n\n<figure class=\"wp-block-image size-large\"><img decoding=\"async\" width=\"1412\" height=\"626\" data-id=\"10044\" src=\"https:\/\/labarraca1912.es\/wp-content\/uploads\/NEXT-GENERATION_Mesa-de-trabajo-1.jpg\" alt=\"\" class=\"wp-image-10044\" srcset=\"https:\/\/labarraca1912.es\/wp-content\/uploads\/NEXT-GENERATION_Mesa-de-trabajo-1.jpg 1412w, https:\/\/labarraca1912.es\/wp-content\/uploads\/NEXT-GENERATION_Mesa-de-trabajo-1-1280x567.jpg 1280w, https:\/\/labarraca1912.es\/wp-content\/uploads\/NEXT-GENERATION_Mesa-de-trabajo-1-980x434.jpg 980w, https:\/\/labarraca1912.es\/wp-content\/uploads\/NEXT-GENERATION_Mesa-de-trabajo-1-480x213.jpg 480w\" sizes=\"(min-width: 0px) and (max-width: 480px) 480px, (min-width: 481px) and (max-width: 980px) 980px, (min-width: 981px) and (max-width: 1280px) 1280px, (min-width: 1281px) 1412px, 100vw\" \/><\/figure>\n\n\n\n<figure class=\"wp-block-image size-large\"><img decoding=\"async\" width=\"1412\" height=\"626\" data-id=\"10045\" src=\"https:\/\/labarraca1912.es\/wp-content\/uploads\/PLAN-RECUPERACION_Mesa-de-trabajo-1.jpg\" alt=\"\" class=\"wp-image-10045\" srcset=\"https:\/\/labarraca1912.es\/wp-content\/uploads\/PLAN-RECUPERACION_Mesa-de-trabajo-1.jpg 1412w, https:\/\/labarraca1912.es\/wp-content\/uploads\/PLAN-RECUPERACION_Mesa-de-trabajo-1-1280x567.jpg 1280w, https:\/\/labarraca1912.es\/wp-content\/uploads\/PLAN-RECUPERACION_Mesa-de-trabajo-1-980x434.jpg 980w, https:\/\/labarraca1912.es\/wp-content\/uploads\/PLAN-RECUPERACION_Mesa-de-trabajo-1-480x213.jpg 480w\" sizes=\"(min-width: 0px) and (max-width: 480px) 480px, (min-width: 481px) and (max-width: 980px) 980px, (min-width: 981px) and (max-width: 1280px) 1280px, (min-width: 1281px) 1412px, 100vw\" \/><\/figure>\n<\/figure>","protected":false},"excerpt":{"rendered":"<p>La Barraca Alimentaci\u00f3n ha implantado durante este a\u00f1o 2023 una instalaci\u00f3n fotovoltaica de autoconsumo, de esta manera nuestra empresa se suma a una energ\u00eda limpia y renovable. Esta instalaci\u00f3n ha sido llevada a cabo en la cubierta superior de nuestra empresa, para aprovechar de la mejor manera esta energ\u00eda. INSTALACI\u00d3N FOTOVOLTAICA DE AUTOCONSUMO SOBRE CUBIERTA [&hellip;]<\/p>\n","protected":false},"author":2,"featured_media":10243,"comment_status":"open","ping_status":"closed","sticky":false,"template":"","format":"standard","meta":{"_et_pb_use_builder":"off","_et_pb_old_content":"","_et_gb_content_width":"","footnotes":""},"categories":[1],"tags":[],"class_list":["post-10229","post","type-post","status-publish","format-standard","has-post-thumbnail","hentry","category-dudas-especias"],"yoast_head":"<!-- This site is optimized with the Yoast SEO plugin v27.4 - https:\/\/yoast.com\/product\/yoast-seo-wordpress\/ -->\n<title>La Barraca Alimentaci\u00f3n - La Casa del Sabor<\/title>\n<meta name=\"description\" content=\"Una de las marcas con mayor tradici\u00f3n y prestigio entre las empresas especializadas en especias, hierbas y condimentos de Espa\u00f1a.\" \/>\n<meta name=\"robots\" content=\"index, follow, max-snippet:-1, max-image-preview:large, max-video-preview:-1\" \/>\n<link rel=\"canonical\" href=\"https:\/\/labarraca1912.es\/en\/la-barraca-alimentacion-implanta-su-instalacion-fotovoltaica\/\" \/>\n<meta property=\"og:locale\" content=\"en_GB\" \/>\n<meta property=\"og:type\" content=\"article\" \/>\n<meta property=\"og:title\" content=\"La Barraca Alimentaci\u00f3n - La Casa del Sabor\" \/>\n<meta property=\"og:description\" content=\"Una de las marcas con mayor tradici\u00f3n y prestigio entre las empresas especializadas en especias, hierbas y condimentos de Espa\u00f1a.\" \/>\n<meta property=\"og:url\" content=\"https:\/\/labarraca1912.es\/en\/la-barraca-alimentacion-implanta-su-instalacion-fotovoltaica\/\" \/>\n<meta property=\"og:site_name\" content=\"La Barraca\" \/>\n<meta property=\"article:published_time\" content=\"2023-12-15T07:42:37+00:00\" \/>\n<meta property=\"article:modified_time\" content=\"2023-12-15T11:19:44+00:00\" \/>\n<meta property=\"og:image\" content=\"https:\/\/labarraca1912.es\/wp-content\/uploads\/placassolaresencabezado2-scaled.jpg\" \/>\n\t<meta property=\"og:image:width\" content=\"1920\" \/>\n\t<meta property=\"og:image:height\" content=\"720\" \/>\n\t<meta property=\"og:image:type\" content=\"image\/jpeg\" \/>\n<meta name=\"author\" content=\"Marcelo Alted\" \/>\n<meta name=\"twitter:card\" content=\"summary_large_image\" \/>\n<meta name=\"twitter:label1\" content=\"Written by\" \/>\n\t<meta name=\"twitter:data1\" content=\"Marcelo Alted\" \/>\n\t<meta name=\"twitter:label2\" content=\"Estimated reading time\" \/>\n\t<meta name=\"twitter:data2\" content=\"1 minute\" \/>\n<script type=\"application\/ld+json\" class=\"yoast-schema-graph\">{\"@context\":\"https:\\\/\\\/schema.org\",\"@graph\":[{\"@type\":\"Article\",\"@id\":\"https:\\\/\\\/labarraca1912.es\\\/la-barraca-alimentacion-implanta-su-instalacion-fotovoltaica\\\/#article\",\"isPartOf\":{\"@id\":\"https:\\\/\\\/labarraca1912.es\\\/la-barraca-alimentacion-implanta-su-instalacion-fotovoltaica\\\/\"},\"author\":{\"name\":\"Marcelo Alted\",\"@id\":\"https:\\\/\\\/labarraca1912.es\\\/#\\\/schema\\\/person\\\/4b10d6474ad3b3d53e0d88b3fd28cace\"},\"headline\":\"La Barraca Alimentaci\u00f3n implanta su Instalaci\u00f3n Fotovoltaica\",\"datePublished\":\"2023-12-15T07:42:37+00:00\",\"dateModified\":\"2023-12-15T11:19:44+00:00\",\"mainEntityOfPage\":{\"@id\":\"https:\\\/\\\/labarraca1912.es\\\/la-barraca-alimentacion-implanta-su-instalacion-fotovoltaica\\\/\"},\"wordCount\":147,\"commentCount\":1,\"publisher\":{\"@id\":\"https:\\\/\\\/labarraca1912.es\\\/#organization\"},\"image\":{\"@id\":\"https:\\\/\\\/labarraca1912.es\\\/la-barraca-alimentacion-implanta-su-instalacion-fotovoltaica\\\/#primaryimage\"},\"thumbnailUrl\":\"https:\\\/\\\/labarraca1912.es\\\/wp-content\\\/uploads\\\/placassolaresencabezado2-scaled.jpg\",\"articleSection\":[\"Dudas sobre las especias\"],\"inLanguage\":\"en-GB\",\"potentialAction\":[{\"@type\":\"CommentAction\",\"name\":\"Comment\",\"target\":[\"https:\\\/\\\/labarraca1912.es\\\/la-barraca-alimentacion-implanta-su-instalacion-fotovoltaica\\\/#respond\"]}]},{\"@type\":\"WebPage\",\"@id\":\"https:\\\/\\\/labarraca1912.es\\\/la-barraca-alimentacion-implanta-su-instalacion-fotovoltaica\\\/\",\"url\":\"https:\\\/\\\/labarraca1912.es\\\/la-barraca-alimentacion-implanta-su-instalacion-fotovoltaica\\\/\",\"name\":\"La Barraca Alimentaci\u00f3n - La Casa del Sabor\",\"isPartOf\":{\"@id\":\"https:\\\/\\\/labarraca1912.es\\\/#website\"},\"primaryImageOfPage\":{\"@id\":\"https:\\\/\\\/labarraca1912.es\\\/la-barraca-alimentacion-implanta-su-instalacion-fotovoltaica\\\/#primaryimage\"},\"image\":{\"@id\":\"https:\\\/\\\/labarraca1912.es\\\/la-barraca-alimentacion-implanta-su-instalacion-fotovoltaica\\\/#primaryimage\"},\"thumbnailUrl\":\"https:\\\/\\\/labarraca1912.es\\\/wp-content\\\/uploads\\\/placassolaresencabezado2-scaled.jpg\",\"datePublished\":\"2023-12-15T07:42:37+00:00\",\"dateModified\":\"2023-12-15T11:19:44+00:00\",\"description\":\"Una de las marcas con mayor tradici\u00f3n y prestigio entre las empresas especializadas en especias, hierbas y condimentos de Espa\u00f1a.\",\"breadcrumb\":{\"@id\":\"https:\\\/\\\/labarraca1912.es\\\/la-barraca-alimentacion-implanta-su-instalacion-fotovoltaica\\\/#breadcrumb\"},\"inLanguage\":\"en-GB\",\"potentialAction\":[{\"@type\":\"ReadAction\",\"target\":[\"https:\\\/\\\/labarraca1912.es\\\/la-barraca-alimentacion-implanta-su-instalacion-fotovoltaica\\\/\"]}]},{\"@type\":\"ImageObject\",\"inLanguage\":\"en-GB\",\"@id\":\"https:\\\/\\\/labarraca1912.es\\\/la-barraca-alimentacion-implanta-su-instalacion-fotovoltaica\\\/#primaryimage\",\"url\":\"https:\\\/\\\/labarraca1912.es\\\/wp-content\\\/uploads\\\/placassolaresencabezado2-scaled.jpg\",\"contentUrl\":\"https:\\\/\\\/labarraca1912.es\\\/wp-content\\\/uploads\\\/placassolaresencabezado2-scaled.jpg\",\"width\":1920,\"height\":720},{\"@type\":\"BreadcrumbList\",\"@id\":\"https:\\\/\\\/labarraca1912.es\\\/la-barraca-alimentacion-implanta-su-instalacion-fotovoltaica\\\/#breadcrumb\",\"itemListElement\":[{\"@type\":\"ListItem\",\"position\":1,\"name\":\"La Barraca\",\"item\":\"https:\\\/\\\/labarraca1912.es\\\/\"},{\"@type\":\"ListItem\",\"position\":2,\"name\":\"La Barraca Alimentaci\u00f3n implanta su Instalaci\u00f3n Fotovoltaica\"}]},{\"@type\":\"WebSite\",\"@id\":\"https:\\\/\\\/labarraca1912.es\\\/#website\",\"url\":\"https:\\\/\\\/labarraca1912.es\\\/\",\"name\":\"La Barraca\",\"description\":\"La Casa del Sabor\",\"publisher\":{\"@id\":\"https:\\\/\\\/labarraca1912.es\\\/#organization\"},\"potentialAction\":[{\"@type\":\"SearchAction\",\"target\":{\"@type\":\"EntryPoint\",\"urlTemplate\":\"https:\\\/\\\/labarraca1912.es\\\/?s={search_term_string}\"},\"query-input\":{\"@type\":\"PropertyValueSpecification\",\"valueRequired\":true,\"valueName\":\"search_term_string\"}}],\"inLanguage\":\"en-GB\"},{\"@type\":\"Organization\",\"@id\":\"https:\\\/\\\/labarraca1912.es\\\/#organization\",\"name\":\"La Barraca 1912 Alimentacion\",\"url\":\"https:\\\/\\\/labarraca1912.es\\\/\",\"logo\":{\"@type\":\"ImageObject\",\"inLanguage\":\"en-GB\",\"@id\":\"https:\\\/\\\/labarraca1912.es\\\/#\\\/schema\\\/logo\\\/image\\\/\",\"url\":\"https:\\\/\\\/labarraca1912.es\\\/wp-content\\\/uploads\\\/2019\\\/06\\\/logo-labarraca.png\",\"contentUrl\":\"https:\\\/\\\/labarraca1912.es\\\/wp-content\\\/uploads\\\/2019\\\/06\\\/logo-labarraca.png\",\"width\":2917,\"height\":1809,\"caption\":\"La Barraca 1912 Alimentacion\"},\"image\":{\"@id\":\"https:\\\/\\\/labarraca1912.es\\\/#\\\/schema\\\/logo\\\/image\\\/\"}},{\"@type\":\"Person\",\"@id\":\"https:\\\/\\\/labarraca1912.es\\\/#\\\/schema\\\/person\\\/4b10d6474ad3b3d53e0d88b3fd28cace\",\"name\":\"Marcelo Alted\",\"image\":{\"@type\":\"ImageObject\",\"inLanguage\":\"en-GB\",\"@id\":\"https:\\\/\\\/secure.gravatar.com\\\/avatar\\\/74db7b044acbe8046c5bad225157a0a7257e9aea14679bfe085b87240b10ae56?s=96&d=mm&r=g\",\"url\":\"https:\\\/\\\/secure.gravatar.com\\\/avatar\\\/74db7b044acbe8046c5bad225157a0a7257e9aea14679bfe085b87240b10ae56?s=96&d=mm&r=g\",\"contentUrl\":\"https:\\\/\\\/secure.gravatar.com\\\/avatar\\\/74db7b044acbe8046c5bad225157a0a7257e9aea14679bfe085b87240b10ae56?s=96&d=mm&r=g\",\"caption\":\"Marcelo Alted\"},\"url\":\"https:\\\/\\\/labarraca1912.es\\\/en\\\/author\\\/marcelo\\\/\"}]}<\/script>\n<!-- \/ Yoast SEO plugin. -->","yoast_head_json":{"title":"La Barraca Alimentaci\u00f3n - La Casa del Sabor","description":"Una de las marcas con mayor tradici\u00f3n y prestigio entre las empresas especializadas en especias, hierbas y condimentos de Espa\u00f1a.","robots":{"index":"index","follow":"follow","max-snippet":"max-snippet:-1","max-image-preview":"max-image-preview:large","max-video-preview":"max-video-preview:-1"},"canonical":"https:\/\/labarraca1912.es\/en\/la-barraca-alimentacion-implanta-su-instalacion-fotovoltaica\/","og_locale":"en_GB","og_type":"article","og_title":"La Barraca Alimentaci\u00f3n - La Casa del Sabor","og_description":"Una de las marcas con mayor tradici\u00f3n y prestigio entre las empresas especializadas en especias, hierbas y condimentos de Espa\u00f1a.","og_url":"https:\/\/labarraca1912.es\/en\/la-barraca-alimentacion-implanta-su-instalacion-fotovoltaica\/","og_site_name":"La Barraca","article_published_time":"2023-12-15T07:42:37+00:00","article_modified_time":"2023-12-15T11:19:44+00:00","og_image":[{"width":1920,"height":720,"url":"https:\/\/labarraca1912.es\/wp-content\/uploads\/placassolaresencabezado2-scaled.jpg","type":"image\/jpeg"}],"author":"Marcelo Alted","twitter_card":"summary_large_image","twitter_misc":{"Written by":"Marcelo Alted","Estimated reading time":"1 minute"},"schema":{"@context":"https:\/\/schema.org","@graph":[{"@type":"Article","@id":"https:\/\/labarraca1912.es\/la-barraca-alimentacion-implanta-su-instalacion-fotovoltaica\/#article","isPartOf":{"@id":"https:\/\/labarraca1912.es\/la-barraca-alimentacion-implanta-su-instalacion-fotovoltaica\/"},"author":{"name":"Marcelo Alted","@id":"https:\/\/labarraca1912.es\/#\/schema\/person\/4b10d6474ad3b3d53e0d88b3fd28cace"},"headline":"La Barraca Alimentaci\u00f3n implanta su Instalaci\u00f3n Fotovoltaica","datePublished":"2023-12-15T07:42:37+00:00","dateModified":"2023-12-15T11:19:44+00:00","mainEntityOfPage":{"@id":"https:\/\/labarraca1912.es\/la-barraca-alimentacion-implanta-su-instalacion-fotovoltaica\/"},"wordCount":147,"commentCount":1,"publisher":{"@id":"https:\/\/labarraca1912.es\/#organization"},"image":{"@id":"https:\/\/labarraca1912.es\/la-barraca-alimentacion-implanta-su-instalacion-fotovoltaica\/#primaryimage"},"thumbnailUrl":"https:\/\/labarraca1912.es\/wp-content\/uploads\/placassolaresencabezado2-scaled.jpg","articleSection":["Dudas sobre las especias"],"inLanguage":"en-GB","potentialAction":[{"@type":"CommentAction","name":"Comment","target":["https:\/\/labarraca1912.es\/la-barraca-alimentacion-implanta-su-instalacion-fotovoltaica\/#respond"]}]},{"@type":"WebPage","@id":"https:\/\/labarraca1912.es\/la-barraca-alimentacion-implanta-su-instalacion-fotovoltaica\/","url":"https:\/\/labarraca1912.es\/la-barraca-alimentacion-implanta-su-instalacion-fotovoltaica\/","name":"La Barraca Alimentaci\u00f3n - La Casa del Sabor","isPartOf":{"@id":"https:\/\/labarraca1912.es\/#website"},"primaryImageOfPage":{"@id":"https:\/\/labarraca1912.es\/la-barraca-alimentacion-implanta-su-instalacion-fotovoltaica\/#primaryimage"},"image":{"@id":"https:\/\/labarraca1912.es\/la-barraca-alimentacion-implanta-su-instalacion-fotovoltaica\/#primaryimage"},"thumbnailUrl":"https:\/\/labarraca1912.es\/wp-content\/uploads\/placassolaresencabezado2-scaled.jpg","datePublished":"2023-12-15T07:42:37+00:00","dateModified":"2023-12-15T11:19:44+00:00","description":"Una de las marcas con mayor tradici\u00f3n y prestigio entre las empresas especializadas en especias, hierbas y condimentos de Espa\u00f1a.","breadcrumb":{"@id":"https:\/\/labarraca1912.es\/la-barraca-alimentacion-implanta-su-instalacion-fotovoltaica\/#breadcrumb"},"inLanguage":"en-GB","potentialAction":[{"@type":"ReadAction","target":["https:\/\/labarraca1912.es\/la-barraca-alimentacion-implanta-su-instalacion-fotovoltaica\/"]}]},{"@type":"ImageObject","inLanguage":"en-GB","@id":"https:\/\/labarraca1912.es\/la-barraca-alimentacion-implanta-su-instalacion-fotovoltaica\/#primaryimage","url":"https:\/\/labarraca1912.es\/wp-content\/uploads\/placassolaresencabezado2-scaled.jpg","contentUrl":"https:\/\/labarraca1912.es\/wp-content\/uploads\/placassolaresencabezado2-scaled.jpg","width":1920,"height":720},{"@type":"BreadcrumbList","@id":"https:\/\/labarraca1912.es\/la-barraca-alimentacion-implanta-su-instalacion-fotovoltaica\/#breadcrumb","itemListElement":[{"@type":"ListItem","position":1,"name":"La Barraca","item":"https:\/\/labarraca1912.es\/"},{"@type":"ListItem","position":2,"name":"La Barraca Alimentaci\u00f3n implanta su Instalaci\u00f3n Fotovoltaica"}]},{"@type":"WebSite","@id":"https:\/\/labarraca1912.es\/#website","url":"https:\/\/labarraca1912.es\/","name":"La Barraca","description":"La Casa del Sabor","publisher":{"@id":"https:\/\/labarraca1912.es\/#organization"},"potentialAction":[{"@type":"SearchAction","target":{"@type":"EntryPoint","urlTemplate":"https:\/\/labarraca1912.es\/?s={search_term_string}"},"query-input":{"@type":"PropertyValueSpecification","valueRequired":true,"valueName":"search_term_string"}}],"inLanguage":"en-GB"},{"@type":"Organization","@id":"https:\/\/labarraca1912.es\/#organization","name":"La Barraca 1912 Alimentacion","url":"https:\/\/labarraca1912.es\/","logo":{"@type":"ImageObject","inLanguage":"en-GB","@id":"https:\/\/labarraca1912.es\/#\/schema\/logo\/image\/","url":"https:\/\/labarraca1912.es\/wp-content\/uploads\/2019\/06\/logo-labarraca.png","contentUrl":"https:\/\/labarraca1912.es\/wp-content\/uploads\/2019\/06\/logo-labarraca.png","width":2917,"height":1809,"caption":"La Barraca 1912 Alimentacion"},"image":{"@id":"https:\/\/labarraca1912.es\/#\/schema\/logo\/image\/"}},{"@type":"Person","@id":"https:\/\/labarraca1912.es\/#\/schema\/person\/4b10d6474ad3b3d53e0d88b3fd28cace","name":"Marcelo Alted","image":{"@type":"ImageObject","inLanguage":"en-GB","@id":"https:\/\/secure.gravatar.com\/avatar\/74db7b044acbe8046c5bad225157a0a7257e9aea14679bfe085b87240b10ae56?s=96&d=mm&r=g","url":"https:\/\/secure.gravatar.com\/avatar\/74db7b044acbe8046c5bad225157a0a7257e9aea14679bfe085b87240b10ae56?s=96&d=mm&r=g","contentUrl":"https:\/\/secure.gravatar.com\/avatar\/74db7b044acbe8046c5bad225157a0a7257e9aea14679bfe085b87240b10ae56?s=96&d=mm&r=g","caption":"Marcelo Alted"},"url":"https:\/\/labarraca1912.es\/en\/author\/marcelo\/"}]}},"_links":{"self":[{"href":"https:\/\/labarraca1912.es\/en\/wp-json\/wp\/v2\/posts\/10229","targetHints":{"allow":["GET"]}}],"collection":[{"href":"https:\/\/labarraca1912.es\/en\/wp-json\/wp\/v2\/posts"}],"about":[{"href":"https:\/\/labarraca1912.es\/en\/wp-json\/wp\/v2\/types\/post"}],"author":[{"embeddable":true,"href":"https:\/\/labarraca1912.es\/en\/wp-json\/wp\/v2\/users\/2"}],"replies":[{"embeddable":true,"href":"https:\/\/labarraca1912.es\/en\/wp-json\/wp\/v2\/comments?post=10229"}],"version-history":[{"count":0,"href":"https:\/\/labarraca1912.es\/en\/wp-json\/wp\/v2\/posts\/10229\/revisions"}],"wp:featuredmedia":[{"embeddable":true,"href":"https:\/\/labarraca1912.es\/en\/wp-json\/wp\/v2\/media\/10243"}],"wp:attachment":[{"href":"https:\/\/labarraca1912.es\/en\/wp-json\/wp\/v2\/media?parent=10229"}],"wp:term":[{"taxonomy":"category","embeddable":true,"href":"https:\/\/labarraca1912.es\/en\/wp-json\/wp\/v2\/categories?post=10229"},{"taxonomy":"post_tag","embeddable":true,"href":"https:\/\/labarraca1912.es\/en\/wp-json\/wp\/v2\/tags?post=10229"}],"curies":[{"name":"wp","href":"https:\/\/api.w.org\/{rel}","templated":true}]}}