{"id":11335,"date":"2024-10-04T08:57:00","date_gmt":"2024-10-04T06:57:00","guid":{"rendered":"https:\/\/labarraca1912.es\/?p=11335"},"modified":"2024-10-04T08:59:06","modified_gmt":"2024-10-04T06:59:06","slug":"sial-paris-2024","status":"publish","type":"post","link":"https:\/\/labarraca1912.es\/en\/sial-paris-2024\/","title":{"rendered":"SIAL PARIS 2024"},"content":{"rendered":"<p class=\"has-medium-font-size\"><strong>La Barraca Alimentaci\u00f3n estar\u00e1 presente en SIAL Paris 2024.<\/strong><\/p>\n\n\n\n<p>Un a\u00f1o m\u00e1s, nuestra empresa estar\u00e1 presente en <strong>SIAL<\/strong>, d\u00f3nde podr\u00e1s visitarnos y conocer todos nuestros productos as\u00ed como las \u00faltimas novedades de la empresa.<\/p>\n\n\n\n<p><strong>SIAL <\/strong>est\u00e1 catalogado como el sal\u00f3n internacional de la alimentaci\u00f3n es el centro de la innovaci\u00f3n alimentaria, que re\u00fane a productores, distribuidores, restauradores e importadores-exportadores.<\/p>\n\n\n\n<p class=\"has-medium-font-size\"><strong>PUEDE VISITARNOS EN NUESTRO STAND 2P136 \u00b7 HALL 2<\/strong><\/p>\n\n\n\n<p>Desde el s\u00e1bado 19 de noviembre hasta el mi\u00e9rcoles 23, puede visitarnos en PARIS.<\/p>","protected":false},"excerpt":{"rendered":"<p>La Barraca Alimentaci\u00f3n estar\u00e1 presente en SIAL Paris 2024. Un a\u00f1o m\u00e1s, nuestra empresa estar\u00e1 presente en SIAL, d\u00f3nde podr\u00e1s visitarnos y conocer todos nuestros productos as\u00ed como las \u00faltimas novedades de la empresa. SIAL est\u00e1 catalogado como el sal\u00f3n internacional de la alimentaci\u00f3n es el centro de la innovaci\u00f3n alimentaria, que re\u00fane a productores, [&hellip;]<\/p>\n","protected":false},"author":2,"featured_media":11336,"comment_status":"open","ping_status":"closed","sticky":false,"template":"","format":"standard","meta":{"_et_pb_use_builder":"off","_et_pb_old_content":"","_et_gb_content_width":"","footnotes":""},"categories":[1],"tags":[],"class_list":["post-11335","post","type-post","status-publish","format-standard","has-post-thumbnail","hentry","category-dudas-especias"],"yoast_head":"<!-- This site is optimized with the Yoast SEO plugin v27.4 - https:\/\/yoast.com\/product\/yoast-seo-wordpress\/ -->\n<title>La Barraca Alimentaci\u00f3n - La Casa del Sabor<\/title>\n<meta name=\"description\" content=\"Una de las marcas con mayor tradici\u00f3n y prestigio entre las empresas especializadas en especias, hierbas y condimentos de Espa\u00f1a.\" \/>\n<meta name=\"robots\" content=\"index, follow, max-snippet:-1, max-image-preview:large, max-video-preview:-1\" \/>\n<link rel=\"canonical\" href=\"https:\/\/labarraca1912.es\/en\/sial-paris-2024\/\" \/>\n<meta property=\"og:locale\" content=\"en_GB\" \/>\n<meta property=\"og:type\" content=\"article\" \/>\n<meta property=\"og:title\" content=\"La Barraca Alimentaci\u00f3n - La Casa del Sabor\" \/>\n<meta property=\"og:description\" content=\"Una de las marcas con mayor tradici\u00f3n y prestigio entre las empresas especializadas en especias, hierbas y condimentos de Espa\u00f1a.\" \/>\n<meta property=\"og:url\" content=\"https:\/\/labarraca1912.es\/en\/sial-paris-2024\/\" \/>\n<meta property=\"og:site_name\" content=\"La Barraca\" \/>\n<meta property=\"article:published_time\" content=\"2024-10-04T06:57:00+00:00\" \/>\n<meta property=\"article:modified_time\" content=\"2024-10-04T06:59:06+00:00\" \/>\n<meta property=\"og:image\" content=\"https:\/\/labarraca1912.es\/wp-content\/uploads\/sial2024-scaled.jpg\" \/>\n\t<meta property=\"og:image:width\" content=\"1920\" \/>\n\t<meta property=\"og:image:height\" content=\"1396\" \/>\n\t<meta property=\"og:image:type\" content=\"image\/jpeg\" \/>\n<meta name=\"author\" content=\"Marcelo Alted\" \/>\n<meta name=\"twitter:card\" content=\"summary_large_image\" \/>\n<meta name=\"twitter:label1\" content=\"Written by\" \/>\n\t<meta name=\"twitter:data1\" content=\"Marcelo Alted\" \/>\n<script type=\"application\/ld+json\" class=\"yoast-schema-graph\">{\"@context\":\"https:\\\/\\\/schema.org\",\"@graph\":[{\"@type\":\"Article\",\"@id\":\"https:\\\/\\\/labarraca1912.es\\\/sial-paris-2024\\\/#article\",\"isPartOf\":{\"@id\":\"https:\\\/\\\/labarraca1912.es\\\/sial-paris-2024\\\/\"},\"author\":{\"name\":\"Marcelo Alted\",\"@id\":\"https:\\\/\\\/labarraca1912.es\\\/#\\\/schema\\\/person\\\/4b10d6474ad3b3d53e0d88b3fd28cace\"},\"headline\":\"SIAL PARIS 2024\",\"datePublished\":\"2024-10-04T06:57:00+00:00\",\"dateModified\":\"2024-10-04T06:59:06+00:00\",\"mainEntityOfPage\":{\"@id\":\"https:\\\/\\\/labarraca1912.es\\\/sial-paris-2024\\\/\"},\"wordCount\":90,\"commentCount\":0,\"publisher\":{\"@id\":\"https:\\\/\\\/labarraca1912.es\\\/#organization\"},\"image\":{\"@id\":\"https:\\\/\\\/labarraca1912.es\\\/sial-paris-2024\\\/#primaryimage\"},\"thumbnailUrl\":\"https:\\\/\\\/labarraca1912.es\\\/wp-content\\\/uploads\\\/sial2024-scaled.jpg\",\"articleSection\":[\"Dudas sobre las especias\"],\"inLanguage\":\"en-GB\",\"potentialAction\":[{\"@type\":\"CommentAction\",\"name\":\"Comment\",\"target\":[\"https:\\\/\\\/labarraca1912.es\\\/sial-paris-2024\\\/#respond\"]}]},{\"@type\":\"WebPage\",\"@id\":\"https:\\\/\\\/labarraca1912.es\\\/sial-paris-2024\\\/\",\"url\":\"https:\\\/\\\/labarraca1912.es\\\/sial-paris-2024\\\/\",\"name\":\"La Barraca Alimentaci\u00f3n - La Casa del Sabor\",\"isPartOf\":{\"@id\":\"https:\\\/\\\/labarraca1912.es\\\/#website\"},\"primaryImageOfPage\":{\"@id\":\"https:\\\/\\\/labarraca1912.es\\\/sial-paris-2024\\\/#primaryimage\"},\"image\":{\"@id\":\"https:\\\/\\\/labarraca1912.es\\\/sial-paris-2024\\\/#primaryimage\"},\"thumbnailUrl\":\"https:\\\/\\\/labarraca1912.es\\\/wp-content\\\/uploads\\\/sial2024-scaled.jpg\",\"datePublished\":\"2024-10-04T06:57:00+00:00\",\"dateModified\":\"2024-10-04T06:59:06+00:00\",\"description\":\"Una de las marcas con mayor tradici\u00f3n y prestigio entre las empresas especializadas en especias, hierbas y condimentos de Espa\u00f1a.\",\"breadcrumb\":{\"@id\":\"https:\\\/\\\/labarraca1912.es\\\/sial-paris-2024\\\/#breadcrumb\"},\"inLanguage\":\"en-GB\",\"potentialAction\":[{\"@type\":\"ReadAction\",\"target\":[\"https:\\\/\\\/labarraca1912.es\\\/sial-paris-2024\\\/\"]}]},{\"@type\":\"ImageObject\",\"inLanguage\":\"en-GB\",\"@id\":\"https:\\\/\\\/labarraca1912.es\\\/sial-paris-2024\\\/#primaryimage\",\"url\":\"https:\\\/\\\/labarraca1912.es\\\/wp-content\\\/uploads\\\/sial2024-scaled.jpg\",\"contentUrl\":\"https:\\\/\\\/labarraca1912.es\\\/wp-content\\\/uploads\\\/sial2024-scaled.jpg\",\"width\":1920,\"height\":1396},{\"@type\":\"BreadcrumbList\",\"@id\":\"https:\\\/\\\/labarraca1912.es\\\/sial-paris-2024\\\/#breadcrumb\",\"itemListElement\":[{\"@type\":\"ListItem\",\"position\":1,\"name\":\"La Barraca\",\"item\":\"https:\\\/\\\/labarraca1912.es\\\/\"},{\"@type\":\"ListItem\",\"position\":2,\"name\":\"SIAL PARIS 2024\"}]},{\"@type\":\"WebSite\",\"@id\":\"https:\\\/\\\/labarraca1912.es\\\/#website\",\"url\":\"https:\\\/\\\/labarraca1912.es\\\/\",\"name\":\"La Barraca\",\"description\":\"La Casa del Sabor\",\"publisher\":{\"@id\":\"https:\\\/\\\/labarraca1912.es\\\/#organization\"},\"potentialAction\":[{\"@type\":\"SearchAction\",\"target\":{\"@type\":\"EntryPoint\",\"urlTemplate\":\"https:\\\/\\\/labarraca1912.es\\\/?s={search_term_string}\"},\"query-input\":{\"@type\":\"PropertyValueSpecification\",\"valueRequired\":true,\"valueName\":\"search_term_string\"}}],\"inLanguage\":\"en-GB\"},{\"@type\":\"Organization\",\"@id\":\"https:\\\/\\\/labarraca1912.es\\\/#organization\",\"name\":\"La Barraca 1912 Alimentacion\",\"url\":\"https:\\\/\\\/labarraca1912.es\\\/\",\"logo\":{\"@type\":\"ImageObject\",\"inLanguage\":\"en-GB\",\"@id\":\"https:\\\/\\\/labarraca1912.es\\\/#\\\/schema\\\/logo\\\/image\\\/\",\"url\":\"https:\\\/\\\/labarraca1912.es\\\/wp-content\\\/uploads\\\/2019\\\/06\\\/logo-labarraca.png\",\"contentUrl\":\"https:\\\/\\\/labarraca1912.es\\\/wp-content\\\/uploads\\\/2019\\\/06\\\/logo-labarraca.png\",\"width\":2917,\"height\":1809,\"caption\":\"La Barraca 1912 Alimentacion\"},\"image\":{\"@id\":\"https:\\\/\\\/labarraca1912.es\\\/#\\\/schema\\\/logo\\\/image\\\/\"}},{\"@type\":\"Person\",\"@id\":\"https:\\\/\\\/labarraca1912.es\\\/#\\\/schema\\\/person\\\/4b10d6474ad3b3d53e0d88b3fd28cace\",\"name\":\"Marcelo Alted\",\"image\":{\"@type\":\"ImageObject\",\"inLanguage\":\"en-GB\",\"@id\":\"https:\\\/\\\/secure.gravatar.com\\\/avatar\\\/74db7b044acbe8046c5bad225157a0a7257e9aea14679bfe085b87240b10ae56?s=96&d=mm&r=g\",\"url\":\"https:\\\/\\\/secure.gravatar.com\\\/avatar\\\/74db7b044acbe8046c5bad225157a0a7257e9aea14679bfe085b87240b10ae56?s=96&d=mm&r=g\",\"contentUrl\":\"https:\\\/\\\/secure.gravatar.com\\\/avatar\\\/74db7b044acbe8046c5bad225157a0a7257e9aea14679bfe085b87240b10ae56?s=96&d=mm&r=g\",\"caption\":\"Marcelo Alted\"},\"url\":\"https:\\\/\\\/labarraca1912.es\\\/en\\\/author\\\/marcelo\\\/\"}]}<\/script>\n<!-- \/ Yoast SEO plugin. -->","yoast_head_json":{"title":"La Barraca Alimentaci\u00f3n - La Casa del Sabor","description":"Una de las marcas con mayor tradici\u00f3n y prestigio entre las empresas especializadas en especias, hierbas y condimentos de Espa\u00f1a.","robots":{"index":"index","follow":"follow","max-snippet":"max-snippet:-1","max-image-preview":"max-image-preview:large","max-video-preview":"max-video-preview:-1"},"canonical":"https:\/\/labarraca1912.es\/en\/sial-paris-2024\/","og_locale":"en_GB","og_type":"article","og_title":"La Barraca Alimentaci\u00f3n - La Casa del Sabor","og_description":"Una de las marcas con mayor tradici\u00f3n y prestigio entre las empresas especializadas en especias, hierbas y condimentos de Espa\u00f1a.","og_url":"https:\/\/labarraca1912.es\/en\/sial-paris-2024\/","og_site_name":"La Barraca","article_published_time":"2024-10-04T06:57:00+00:00","article_modified_time":"2024-10-04T06:59:06+00:00","og_image":[{"width":1920,"height":1396,"url":"https:\/\/labarraca1912.es\/wp-content\/uploads\/sial2024-scaled.jpg","type":"image\/jpeg"}],"author":"Marcelo Alted","twitter_card":"summary_large_image","twitter_misc":{"Written by":"Marcelo Alted"},"schema":{"@context":"https:\/\/schema.org","@graph":[{"@type":"Article","@id":"https:\/\/labarraca1912.es\/sial-paris-2024\/#article","isPartOf":{"@id":"https:\/\/labarraca1912.es\/sial-paris-2024\/"},"author":{"name":"Marcelo Alted","@id":"https:\/\/labarraca1912.es\/#\/schema\/person\/4b10d6474ad3b3d53e0d88b3fd28cace"},"headline":"SIAL PARIS 2024","datePublished":"2024-10-04T06:57:00+00:00","dateModified":"2024-10-04T06:59:06+00:00","mainEntityOfPage":{"@id":"https:\/\/labarraca1912.es\/sial-paris-2024\/"},"wordCount":90,"commentCount":0,"publisher":{"@id":"https:\/\/labarraca1912.es\/#organization"},"image":{"@id":"https:\/\/labarraca1912.es\/sial-paris-2024\/#primaryimage"},"thumbnailUrl":"https:\/\/labarraca1912.es\/wp-content\/uploads\/sial2024-scaled.jpg","articleSection":["Dudas sobre las especias"],"inLanguage":"en-GB","potentialAction":[{"@type":"CommentAction","name":"Comment","target":["https:\/\/labarraca1912.es\/sial-paris-2024\/#respond"]}]},{"@type":"WebPage","@id":"https:\/\/labarraca1912.es\/sial-paris-2024\/","url":"https:\/\/labarraca1912.es\/sial-paris-2024\/","name":"La Barraca Alimentaci\u00f3n - La Casa del Sabor","isPartOf":{"@id":"https:\/\/labarraca1912.es\/#website"},"primaryImageOfPage":{"@id":"https:\/\/labarraca1912.es\/sial-paris-2024\/#primaryimage"},"image":{"@id":"https:\/\/labarraca1912.es\/sial-paris-2024\/#primaryimage"},"thumbnailUrl":"https:\/\/labarraca1912.es\/wp-content\/uploads\/sial2024-scaled.jpg","datePublished":"2024-10-04T06:57:00+00:00","dateModified":"2024-10-04T06:59:06+00:00","description":"Una de las marcas con mayor tradici\u00f3n y prestigio entre las empresas especializadas en especias, hierbas y condimentos de Espa\u00f1a.","breadcrumb":{"@id":"https:\/\/labarraca1912.es\/sial-paris-2024\/#breadcrumb"},"inLanguage":"en-GB","potentialAction":[{"@type":"ReadAction","target":["https:\/\/labarraca1912.es\/sial-paris-2024\/"]}]},{"@type":"ImageObject","inLanguage":"en-GB","@id":"https:\/\/labarraca1912.es\/sial-paris-2024\/#primaryimage","url":"https:\/\/labarraca1912.es\/wp-content\/uploads\/sial2024-scaled.jpg","contentUrl":"https:\/\/labarraca1912.es\/wp-content\/uploads\/sial2024-scaled.jpg","width":1920,"height":1396},{"@type":"BreadcrumbList","@id":"https:\/\/labarraca1912.es\/sial-paris-2024\/#breadcrumb","itemListElement":[{"@type":"ListItem","position":1,"name":"La Barraca","item":"https:\/\/labarraca1912.es\/"},{"@type":"ListItem","position":2,"name":"SIAL PARIS 2024"}]},{"@type":"WebSite","@id":"https:\/\/labarraca1912.es\/#website","url":"https:\/\/labarraca1912.es\/","name":"La Barraca","description":"La Casa del Sabor","publisher":{"@id":"https:\/\/labarraca1912.es\/#organization"},"potentialAction":[{"@type":"SearchAction","target":{"@type":"EntryPoint","urlTemplate":"https:\/\/labarraca1912.es\/?s={search_term_string}"},"query-input":{"@type":"PropertyValueSpecification","valueRequired":true,"valueName":"search_term_string"}}],"inLanguage":"en-GB"},{"@type":"Organization","@id":"https:\/\/labarraca1912.es\/#organization","name":"La Barraca 1912 Alimentacion","url":"https:\/\/labarraca1912.es\/","logo":{"@type":"ImageObject","inLanguage":"en-GB","@id":"https:\/\/labarraca1912.es\/#\/schema\/logo\/image\/","url":"https:\/\/labarraca1912.es\/wp-content\/uploads\/2019\/06\/logo-labarraca.png","contentUrl":"https:\/\/labarraca1912.es\/wp-content\/uploads\/2019\/06\/logo-labarraca.png","width":2917,"height":1809,"caption":"La Barraca 1912 Alimentacion"},"image":{"@id":"https:\/\/labarraca1912.es\/#\/schema\/logo\/image\/"}},{"@type":"Person","@id":"https:\/\/labarraca1912.es\/#\/schema\/person\/4b10d6474ad3b3d53e0d88b3fd28cace","name":"Marcelo Alted","image":{"@type":"ImageObject","inLanguage":"en-GB","@id":"https:\/\/secure.gravatar.com\/avatar\/74db7b044acbe8046c5bad225157a0a7257e9aea14679bfe085b87240b10ae56?s=96&d=mm&r=g","url":"https:\/\/secure.gravatar.com\/avatar\/74db7b044acbe8046c5bad225157a0a7257e9aea14679bfe085b87240b10ae56?s=96&d=mm&r=g","contentUrl":"https:\/\/secure.gravatar.com\/avatar\/74db7b044acbe8046c5bad225157a0a7257e9aea14679bfe085b87240b10ae56?s=96&d=mm&r=g","caption":"Marcelo Alted"},"url":"https:\/\/labarraca1912.es\/en\/author\/marcelo\/"}]}},"_links":{"self":[{"href":"https:\/\/labarraca1912.es\/en\/wp-json\/wp\/v2\/posts\/11335","targetHints":{"allow":["GET"]}}],"collection":[{"href":"https:\/\/labarraca1912.es\/en\/wp-json\/wp\/v2\/posts"}],"about":[{"href":"https:\/\/labarraca1912.es\/en\/wp-json\/wp\/v2\/types\/post"}],"author":[{"embeddable":true,"href":"https:\/\/labarraca1912.es\/en\/wp-json\/wp\/v2\/users\/2"}],"replies":[{"embeddable":true,"href":"https:\/\/labarraca1912.es\/en\/wp-json\/wp\/v2\/comments?post=11335"}],"version-history":[{"count":0,"href":"https:\/\/labarraca1912.es\/en\/wp-json\/wp\/v2\/posts\/11335\/revisions"}],"wp:featuredmedia":[{"embeddable":true,"href":"https:\/\/labarraca1912.es\/en\/wp-json\/wp\/v2\/media\/11336"}],"wp:attachment":[{"href":"https:\/\/labarraca1912.es\/en\/wp-json\/wp\/v2\/media?parent=11335"}],"wp:term":[{"taxonomy":"category","embeddable":true,"href":"https:\/\/labarraca1912.es\/en\/wp-json\/wp\/v2\/categories?post=11335"},{"taxonomy":"post_tag","embeddable":true,"href":"https:\/\/labarraca1912.es\/en\/wp-json\/wp\/v2\/tags?post=11335"}],"curies":[{"name":"wp","href":"https:\/\/api.w.org\/{rel}","templated":true}]}}