{"id":13023,"date":"2025-10-14T12:51:17","date_gmt":"2025-10-14T10:51:17","guid":{"rendered":"https:\/\/labarraca1912.es\/?p=13023"},"modified":"2025-10-30T13:22:38","modified_gmt":"2025-10-30T12:22:38","slug":"las-especias-caducan-todo-lo-que-debes-saber","status":"publish","type":"post","link":"https:\/\/labarraca1912.es\/en\/las-especias-caducan-todo-lo-que-debes-saber\/","title":{"rendered":"\u00bfLas especias caducan? Todo lo que debes saber?\u00a0"},"content":{"rendered":"<p>Las especias son el alma de la cocina, capaces de transformar cualquier plato con solo una pizca. Sin embargo, muchas veces nos <strong>preguntamos: \u00bflas especias caducan? <\/strong>En este art\u00edculo descubrir\u00e1s cu\u00e1nto duran realmente, c\u00f3mo identificar si ya no sirven y consejos para conservarlas frescas por m\u00e1s tiempo.\u00a0<\/p>\n\n\n\n<h2 class=\"wp-block-heading\"><strong>\u00bfCu\u00e1nto duran realmente las especias en casa?<\/strong>&nbsp;<\/h2>\n\n\n\n<p>Aunque algunos piensan que las especias duran para siempre, la realidad es que s\u00ed tienen un tiempo de vida \u00fatil. Si bien no suelen \u00abcaducar\u00bb en el sentido de volverse peligrosas para la salud, pierden aroma, sabor y potencia con el tiempo. La duraci\u00f3n depende del tipo de especia y del modo en que se almacenen.&nbsp;<\/p>\n\n\n\n<p><strong>Especias enteras:<\/strong> pueden durar entre 2 y 4 a\u00f1os si se almacenan correctamente en frascos herm\u00e9ticos y en un lugar fresco y oscuro. Las especias enteras como <a href=\"https:\/\/labarraca1912.es\/en\/tienda\/especias-y-condimentos\/pimienta-negra-grano-710g\/\">granos de pimienta<\/a>, <a href=\"https:\/\/labarraca1912.es\/en\/tienda\/especias-y-condimentos\/clavo-grano\/\">clavos <\/a>o nuez moscada conservan mejor sus aceites esenciales y, por tanto, su sabor y aroma. Al molerlas justo antes de usar, obtendr\u00e1s la m\u00e1xima intensidad.\u00a0<\/p>\n\n\n\n<p><strong>Especias molidas:<\/strong> su duraci\u00f3n se reduce a 1 o 2 a\u00f1os, ya que al estar molidas pierden sus aceites esenciales m\u00e1s r\u00e1pido debido a una mayor exposici\u00f3n al aire y la luz. Ejemplos incluyen el <a href=\"https:\/\/labarraca1912.es\/en\/tienda\/especias-y-condimentos\/cominos-grano\/\">comino grano<\/a>, la canela en polvo o el <a href=\"https:\/\/labarraca1912.es\/en\/tienda\/especias-y-condimentos\/curry\/\">curry<\/a>. Es recomendable comprar solo la cantidad que vas a usar en ese periodo.\u00a0<\/p>\n\n\n\n<p><strong>Hierbas secas: <\/strong>como el or\u00e9gano, <a href=\"https:\/\/labarraca1912.es\/en\/tienda\/especias-y-condimentos\/albahaca-250g\/\">albahaca<\/a> o tomillo, suelen mantener su calidad entre 1 y 3 a\u00f1os. Las hojas secas son m\u00e1s delicadas que las especias enteras y pueden perder sus propiedades arom\u00e1ticas r\u00e1pidamente si no se almacenan adecuadamente.\u00a0<\/p>\n\n\n\n<p>La fecha de caducidad impresa en los envases es una referencia \u00fatil para asegurarte de utilizar las especias mientras est\u00e1n en su mejor momento. Sin embargo, lo m\u00e1s importante es confiar en tus sentidos\u2014olor, sabor y apariencia\u2014antes de usarlas, ya que las condiciones de almacenamiento pueden variar mucho en cada hogar.&nbsp;<\/p>\n\n\n\n<h2 class=\"wp-block-heading\"><strong>Se\u00f1ales para identificar si una especia ya caduc\u00f3<\/strong>&nbsp;<\/h2>\n\n\n\n<p>\u00bfNo est\u00e1s seguro si esa c\u00farcuma o comino todav\u00eda sirven? Aqu\u00ed en el blog de <a href=\"https:\/\/labarraca1912.es\/en\/\">La Barraca<\/a> te dejamos algunas se\u00f1ales claras de que una especia ha pasado su mejor momento:\u00a0<\/p>\n\n\n\n<p><strong>P\u00e9rdida de aroma<\/strong>: Si hueles la especia y apenas percibes olor, probablemente ha perdido gran parte de sus aceites vol\u00e1tiles y sabor. El aroma es el primer indicador de frescura; si tienes que acercar mucho la nariz para sentirlo, es se\u00f1al de que ha envejecido.&nbsp;<\/p>\n\n\n\n<p><strong>Color desva\u00eddo<\/strong>: Las especias vivas tienen colores intensos. Si notas que est\u00e1n p\u00e1lidas o apagadas, significa que han estado expuestas a la luz o aire y han perdido calidad. Por ejemplo, el piment\u00f3n o el curry deben lucir vibrantes; si se ven gris\u00e1ceos o marrones, probablemente ya no tengan potencia.&nbsp;<\/p>\n\n\n\n<p><strong>Sabor d\u00e9bil<\/strong>: Prueba un poco; si el sabor es plano o casi imperceptible al paladar, es hora de reemplazarla. Las especias viejas pueden incluso dar un ligero sabor amargo o a cart\u00f3n.&nbsp;<\/p>\n\n\n\n<p><strong>Presencia de humedad o grumos<\/strong>: Esto puede indicar contaminaci\u00f3n o deterioro. La humedad puede favorecer la formaci\u00f3n de moho y compactar el polvo, formando grumos dif\u00edciles de deshacer. Descarta cualquier especia con signos visibles de moho u olores extra\u00f1os como rancio o agrio.&nbsp;<\/p>\n\n\n\n<p><strong>Insectos o residuos extra\u00f1os<\/strong>: En ocasiones pueden aparecer peque\u00f1os insectos (gorgojos) en las especias almacenadas mucho tiempo. Ante cualquier signo de plaga, es preferible desechar todo el contenido.&nbsp;<\/p>\n\n\n\n<h2 class=\"wp-block-heading\"><strong>Consejos para conservar las especias por m\u00e1s tiempo<\/strong>&nbsp;<\/h2>\n\n\n\n<p>Ahora que sabes que las especias caducan en t\u00e9rminos de aroma y sabor, te compartimos algunos consejos pr\u00e1cticos para prolongar su frescura:&nbsp;<\/p>\n\n\n\n<p><strong>Gu\u00e1rdalas en frascos herm\u00e9ticos<\/strong>: <a href=\"https:\/\/labarraca1912.es\/en\/ideas-creativas-para-guardar-y-ordenar-tus-especias\/\">guarda y ordena tus especias correctamente<\/a>, el aire es el principal enemigo; usa envases bien cerrados para evitar que se oxiden y absorban humedad del ambiente. Los frascos de vidrio con tapa herm\u00e9tica son ideales y permiten ver f\u00e1cilmente cu\u00e1ndo necesitas reponerlas.\u00a0<\/p>\n\n\n\n<p><strong>Evita la luz directa<\/strong>: Almacena tus especias en un lugar oscuro y fresco, como un armario cerrado o una despensa lejos de la ventana. La luz solar acelera la degradaci\u00f3n de los aceites esenciales responsables del aroma y sabor.&nbsp;<\/p>\n\n\n\n<p><strong>No las pongas cerca del calor<\/strong>: Mant\u00e9nlas alejadas del horno, estufa u otras fuentes de calor; el calor constante acelera la p\u00e9rdida de sabor y puede favorecer la aparici\u00f3n de humedad dentro del envase.&nbsp;<\/p>\n\n\n\n<p><strong>Compra en peque\u00f1as cantidades<\/strong>: As\u00ed te aseguras de usar siempre especias frescas y evitar acumular grandes cantidades por mucho tiempo. Es preferible adquirir menos cantidad pero con mayor frecuencia.&nbsp;<\/p>\n\n\n\n<p><strong>Etiqueta tus envases<\/strong>: Anota la fecha en que abriste cada frasco para llevar un control m\u00e1s preciso del tiempo que llevan en uso.&nbsp;<\/p>\n\n\n\n<p><strong>Evita usar cucharas h\u00famedas<\/strong>: Al tomar una pizca directamente durante la cocci\u00f3n, aseg\u00farate de usar cucharas secas para no introducir humedad en el frasco.&nbsp;<\/p>\n\n\n\n<p><\/p>\n\n\n\n<p>En conclusi\u00f3n, aunque t\u00e9cnicamente las especias no \u00abcaducan\u00bb como otros alimentos perecederos, s\u00ed pierden sus cualidades con el paso del tiempo. Revisar su aroma, color y sabor te ayudar\u00e1 a saber cu\u00e1ndo renovarlas para seguir disfrutando de platos llenos de vida y sabor. Un almacenamiento adecuado prolongar\u00e1 considerablemente la vida \u00fatil de tus especias e incrementar\u00e1 su aporte en tus recetas diarias.&nbsp;<\/p>","protected":false},"excerpt":{"rendered":"<p>Las especias son el alma de la cocina, capaces de transformar cualquier plato con solo una pizca. Sin embargo, muchas veces nos preguntamos: \u00bflas especias caducan? En este art\u00edculo descubrir\u00e1s cu\u00e1nto duran realmente, c\u00f3mo identificar si ya no sirven y consejos para conservarlas frescas por m\u00e1s tiempo.\u00a0 \u00bfCu\u00e1nto duran realmente las especias en casa?&nbsp; Aunque [&hellip;]<\/p>\n","protected":false},"author":2,"featured_media":13061,"comment_status":"open","ping_status":"closed","sticky":false,"template":"","format":"standard","meta":{"_et_pb_use_builder":"","_et_pb_old_content":"","_et_gb_content_width":"","footnotes":""},"categories":[1],"tags":[],"class_list":["post-13023","post","type-post","status-publish","format-standard","has-post-thumbnail","hentry","category-dudas-especias"],"yoast_head":"<!-- This site is optimized with the Yoast SEO plugin v27.4 - https:\/\/yoast.com\/product\/yoast-seo-wordpress\/ -->\n<title>La Barraca Alimentaci\u00f3n - La Casa del Sabor<\/title>\n<meta name=\"description\" content=\"Una de las marcas con mayor tradici\u00f3n y prestigio entre las empresas especializadas en especias, hierbas y condimentos de Espa\u00f1a.\" \/>\n<meta name=\"robots\" content=\"index, follow, max-snippet:-1, max-image-preview:large, max-video-preview:-1\" \/>\n<link rel=\"canonical\" href=\"https:\/\/labarraca1912.es\/en\/las-especias-caducan-todo-lo-que-debes-saber\/\" \/>\n<meta property=\"og:locale\" content=\"en_GB\" \/>\n<meta property=\"og:type\" content=\"article\" \/>\n<meta property=\"og:title\" content=\"La Barraca Alimentaci\u00f3n - La Casa del Sabor\" \/>\n<meta property=\"og:description\" content=\"Una de las marcas con mayor tradici\u00f3n y prestigio entre las empresas especializadas en especias, hierbas y condimentos de Espa\u00f1a.\" \/>\n<meta property=\"og:url\" content=\"https:\/\/labarraca1912.es\/en\/las-especias-caducan-todo-lo-que-debes-saber\/\" \/>\n<meta property=\"og:site_name\" content=\"La Barraca\" \/>\n<meta property=\"article:published_time\" content=\"2025-10-14T10:51:17+00:00\" \/>\n<meta property=\"article:modified_time\" content=\"2025-10-30T12:22:38+00:00\" \/>\n<meta property=\"og:image\" content=\"https:\/\/labarraca1912.es\/wp-content\/uploads\/6ef843a5-4d71-4226-ad05-659db325d618_5_11zon.jpg\" \/>\n\t<meta property=\"og:image:width\" content=\"1075\" \/>\n\t<meta property=\"og:image:height\" content=\"716\" \/>\n\t<meta property=\"og:image:type\" content=\"image\/jpeg\" \/>\n<meta name=\"author\" content=\"Marcelo Alted\" \/>\n<meta name=\"twitter:card\" content=\"summary_large_image\" \/>\n<meta name=\"twitter:label1\" content=\"Written by\" \/>\n\t<meta name=\"twitter:data1\" content=\"Marcelo Alted\" \/>\n\t<meta name=\"twitter:label2\" content=\"Estimated reading time\" \/>\n\t<meta name=\"twitter:data2\" content=\"5 minutes\" \/>\n<script type=\"application\/ld+json\" class=\"yoast-schema-graph\">{\"@context\":\"https:\\\/\\\/schema.org\",\"@graph\":[{\"@type\":\"Article\",\"@id\":\"https:\\\/\\\/labarraca1912.es\\\/las-especias-caducan-todo-lo-que-debes-saber\\\/#article\",\"isPartOf\":{\"@id\":\"https:\\\/\\\/labarraca1912.es\\\/las-especias-caducan-todo-lo-que-debes-saber\\\/\"},\"author\":{\"name\":\"Marcelo Alted\",\"@id\":\"https:\\\/\\\/labarraca1912.es\\\/#\\\/schema\\\/person\\\/4b10d6474ad3b3d53e0d88b3fd28cace\"},\"headline\":\"\u00bfLas especias caducan? Todo lo que debes saber?\u00a0\",\"datePublished\":\"2025-10-14T10:51:17+00:00\",\"dateModified\":\"2025-10-30T12:22:38+00:00\",\"mainEntityOfPage\":{\"@id\":\"https:\\\/\\\/labarraca1912.es\\\/las-especias-caducan-todo-lo-que-debes-saber\\\/\"},\"wordCount\":922,\"commentCount\":2,\"publisher\":{\"@id\":\"https:\\\/\\\/labarraca1912.es\\\/#organization\"},\"image\":{\"@id\":\"https:\\\/\\\/labarraca1912.es\\\/las-especias-caducan-todo-lo-que-debes-saber\\\/#primaryimage\"},\"thumbnailUrl\":\"https:\\\/\\\/labarraca1912.es\\\/wp-content\\\/uploads\\\/6ef843a5-4d71-4226-ad05-659db325d618_5_11zon.jpg\",\"articleSection\":[\"Dudas sobre las especias\"],\"inLanguage\":\"en-GB\",\"potentialAction\":[{\"@type\":\"CommentAction\",\"name\":\"Comment\",\"target\":[\"https:\\\/\\\/labarraca1912.es\\\/las-especias-caducan-todo-lo-que-debes-saber\\\/#respond\"]}]},{\"@type\":\"WebPage\",\"@id\":\"https:\\\/\\\/labarraca1912.es\\\/las-especias-caducan-todo-lo-que-debes-saber\\\/\",\"url\":\"https:\\\/\\\/labarraca1912.es\\\/las-especias-caducan-todo-lo-que-debes-saber\\\/\",\"name\":\"La Barraca Alimentaci\u00f3n - La Casa del Sabor\",\"isPartOf\":{\"@id\":\"https:\\\/\\\/labarraca1912.es\\\/#website\"},\"primaryImageOfPage\":{\"@id\":\"https:\\\/\\\/labarraca1912.es\\\/las-especias-caducan-todo-lo-que-debes-saber\\\/#primaryimage\"},\"image\":{\"@id\":\"https:\\\/\\\/labarraca1912.es\\\/las-especias-caducan-todo-lo-que-debes-saber\\\/#primaryimage\"},\"thumbnailUrl\":\"https:\\\/\\\/labarraca1912.es\\\/wp-content\\\/uploads\\\/6ef843a5-4d71-4226-ad05-659db325d618_5_11zon.jpg\",\"datePublished\":\"2025-10-14T10:51:17+00:00\",\"dateModified\":\"2025-10-30T12:22:38+00:00\",\"description\":\"Una de las marcas con mayor tradici\u00f3n y prestigio entre las empresas especializadas en especias, hierbas y condimentos de Espa\u00f1a.\",\"breadcrumb\":{\"@id\":\"https:\\\/\\\/labarraca1912.es\\\/las-especias-caducan-todo-lo-que-debes-saber\\\/#breadcrumb\"},\"inLanguage\":\"en-GB\",\"potentialAction\":[{\"@type\":\"ReadAction\",\"target\":[\"https:\\\/\\\/labarraca1912.es\\\/las-especias-caducan-todo-lo-que-debes-saber\\\/\"]}]},{\"@type\":\"ImageObject\",\"inLanguage\":\"en-GB\",\"@id\":\"https:\\\/\\\/labarraca1912.es\\\/las-especias-caducan-todo-lo-que-debes-saber\\\/#primaryimage\",\"url\":\"https:\\\/\\\/labarraca1912.es\\\/wp-content\\\/uploads\\\/6ef843a5-4d71-4226-ad05-659db325d618_5_11zon.jpg\",\"contentUrl\":\"https:\\\/\\\/labarraca1912.es\\\/wp-content\\\/uploads\\\/6ef843a5-4d71-4226-ad05-659db325d618_5_11zon.jpg\",\"width\":1075,\"height\":716,\"caption\":\"caducidad-especias\"},{\"@type\":\"BreadcrumbList\",\"@id\":\"https:\\\/\\\/labarraca1912.es\\\/las-especias-caducan-todo-lo-que-debes-saber\\\/#breadcrumb\",\"itemListElement\":[{\"@type\":\"ListItem\",\"position\":1,\"name\":\"La Barraca\",\"item\":\"https:\\\/\\\/labarraca1912.es\\\/\"},{\"@type\":\"ListItem\",\"position\":2,\"name\":\"\u00bfLas especias caducan? Todo lo que debes saber?\u00a0\"}]},{\"@type\":\"WebSite\",\"@id\":\"https:\\\/\\\/labarraca1912.es\\\/#website\",\"url\":\"https:\\\/\\\/labarraca1912.es\\\/\",\"name\":\"La Barraca\",\"description\":\"La Casa del Sabor\",\"publisher\":{\"@id\":\"https:\\\/\\\/labarraca1912.es\\\/#organization\"},\"potentialAction\":[{\"@type\":\"SearchAction\",\"target\":{\"@type\":\"EntryPoint\",\"urlTemplate\":\"https:\\\/\\\/labarraca1912.es\\\/?s={search_term_string}\"},\"query-input\":{\"@type\":\"PropertyValueSpecification\",\"valueRequired\":true,\"valueName\":\"search_term_string\"}}],\"inLanguage\":\"en-GB\"},{\"@type\":\"Organization\",\"@id\":\"https:\\\/\\\/labarraca1912.es\\\/#organization\",\"name\":\"La Barraca 1912 Alimentacion\",\"url\":\"https:\\\/\\\/labarraca1912.es\\\/\",\"logo\":{\"@type\":\"ImageObject\",\"inLanguage\":\"en-GB\",\"@id\":\"https:\\\/\\\/labarraca1912.es\\\/#\\\/schema\\\/logo\\\/image\\\/\",\"url\":\"https:\\\/\\\/labarraca1912.es\\\/wp-content\\\/uploads\\\/2019\\\/06\\\/logo-labarraca.png\",\"contentUrl\":\"https:\\\/\\\/labarraca1912.es\\\/wp-content\\\/uploads\\\/2019\\\/06\\\/logo-labarraca.png\",\"width\":2917,\"height\":1809,\"caption\":\"La Barraca 1912 Alimentacion\"},\"image\":{\"@id\":\"https:\\\/\\\/labarraca1912.es\\\/#\\\/schema\\\/logo\\\/image\\\/\"}},{\"@type\":\"Person\",\"@id\":\"https:\\\/\\\/labarraca1912.es\\\/#\\\/schema\\\/person\\\/4b10d6474ad3b3d53e0d88b3fd28cace\",\"name\":\"Marcelo Alted\",\"image\":{\"@type\":\"ImageObject\",\"inLanguage\":\"en-GB\",\"@id\":\"https:\\\/\\\/secure.gravatar.com\\\/avatar\\\/74db7b044acbe8046c5bad225157a0a7257e9aea14679bfe085b87240b10ae56?s=96&d=mm&r=g\",\"url\":\"https:\\\/\\\/secure.gravatar.com\\\/avatar\\\/74db7b044acbe8046c5bad225157a0a7257e9aea14679bfe085b87240b10ae56?s=96&d=mm&r=g\",\"contentUrl\":\"https:\\\/\\\/secure.gravatar.com\\\/avatar\\\/74db7b044acbe8046c5bad225157a0a7257e9aea14679bfe085b87240b10ae56?s=96&d=mm&r=g\",\"caption\":\"Marcelo Alted\"},\"url\":\"https:\\\/\\\/labarraca1912.es\\\/en\\\/author\\\/marcelo\\\/\"}]}<\/script>\n<!-- \/ Yoast SEO plugin. -->","yoast_head_json":{"title":"La Barraca Alimentaci\u00f3n - La Casa del Sabor","description":"Una de las marcas con mayor tradici\u00f3n y prestigio entre las empresas especializadas en especias, hierbas y condimentos de Espa\u00f1a.","robots":{"index":"index","follow":"follow","max-snippet":"max-snippet:-1","max-image-preview":"max-image-preview:large","max-video-preview":"max-video-preview:-1"},"canonical":"https:\/\/labarraca1912.es\/en\/las-especias-caducan-todo-lo-que-debes-saber\/","og_locale":"en_GB","og_type":"article","og_title":"La Barraca Alimentaci\u00f3n - La Casa del Sabor","og_description":"Una de las marcas con mayor tradici\u00f3n y prestigio entre las empresas especializadas en especias, hierbas y condimentos de Espa\u00f1a.","og_url":"https:\/\/labarraca1912.es\/en\/las-especias-caducan-todo-lo-que-debes-saber\/","og_site_name":"La Barraca","article_published_time":"2025-10-14T10:51:17+00:00","article_modified_time":"2025-10-30T12:22:38+00:00","og_image":[{"width":1075,"height":716,"url":"https:\/\/labarraca1912.es\/wp-content\/uploads\/6ef843a5-4d71-4226-ad05-659db325d618_5_11zon.jpg","type":"image\/jpeg"}],"author":"Marcelo Alted","twitter_card":"summary_large_image","twitter_misc":{"Written by":"Marcelo Alted","Estimated reading time":"5 minutes"},"schema":{"@context":"https:\/\/schema.org","@graph":[{"@type":"Article","@id":"https:\/\/labarraca1912.es\/las-especias-caducan-todo-lo-que-debes-saber\/#article","isPartOf":{"@id":"https:\/\/labarraca1912.es\/las-especias-caducan-todo-lo-que-debes-saber\/"},"author":{"name":"Marcelo Alted","@id":"https:\/\/labarraca1912.es\/#\/schema\/person\/4b10d6474ad3b3d53e0d88b3fd28cace"},"headline":"\u00bfLas especias caducan? Todo lo que debes saber?\u00a0","datePublished":"2025-10-14T10:51:17+00:00","dateModified":"2025-10-30T12:22:38+00:00","mainEntityOfPage":{"@id":"https:\/\/labarraca1912.es\/las-especias-caducan-todo-lo-que-debes-saber\/"},"wordCount":922,"commentCount":2,"publisher":{"@id":"https:\/\/labarraca1912.es\/#organization"},"image":{"@id":"https:\/\/labarraca1912.es\/las-especias-caducan-todo-lo-que-debes-saber\/#primaryimage"},"thumbnailUrl":"https:\/\/labarraca1912.es\/wp-content\/uploads\/6ef843a5-4d71-4226-ad05-659db325d618_5_11zon.jpg","articleSection":["Dudas sobre las especias"],"inLanguage":"en-GB","potentialAction":[{"@type":"CommentAction","name":"Comment","target":["https:\/\/labarraca1912.es\/las-especias-caducan-todo-lo-que-debes-saber\/#respond"]}]},{"@type":"WebPage","@id":"https:\/\/labarraca1912.es\/las-especias-caducan-todo-lo-que-debes-saber\/","url":"https:\/\/labarraca1912.es\/las-especias-caducan-todo-lo-que-debes-saber\/","name":"La Barraca Alimentaci\u00f3n - La Casa del Sabor","isPartOf":{"@id":"https:\/\/labarraca1912.es\/#website"},"primaryImageOfPage":{"@id":"https:\/\/labarraca1912.es\/las-especias-caducan-todo-lo-que-debes-saber\/#primaryimage"},"image":{"@id":"https:\/\/labarraca1912.es\/las-especias-caducan-todo-lo-que-debes-saber\/#primaryimage"},"thumbnailUrl":"https:\/\/labarraca1912.es\/wp-content\/uploads\/6ef843a5-4d71-4226-ad05-659db325d618_5_11zon.jpg","datePublished":"2025-10-14T10:51:17+00:00","dateModified":"2025-10-30T12:22:38+00:00","description":"Una de las marcas con mayor tradici\u00f3n y prestigio entre las empresas especializadas en especias, hierbas y condimentos de Espa\u00f1a.","breadcrumb":{"@id":"https:\/\/labarraca1912.es\/las-especias-caducan-todo-lo-que-debes-saber\/#breadcrumb"},"inLanguage":"en-GB","potentialAction":[{"@type":"ReadAction","target":["https:\/\/labarraca1912.es\/las-especias-caducan-todo-lo-que-debes-saber\/"]}]},{"@type":"ImageObject","inLanguage":"en-GB","@id":"https:\/\/labarraca1912.es\/las-especias-caducan-todo-lo-que-debes-saber\/#primaryimage","url":"https:\/\/labarraca1912.es\/wp-content\/uploads\/6ef843a5-4d71-4226-ad05-659db325d618_5_11zon.jpg","contentUrl":"https:\/\/labarraca1912.es\/wp-content\/uploads\/6ef843a5-4d71-4226-ad05-659db325d618_5_11zon.jpg","width":1075,"height":716,"caption":"caducidad-especias"},{"@type":"BreadcrumbList","@id":"https:\/\/labarraca1912.es\/las-especias-caducan-todo-lo-que-debes-saber\/#breadcrumb","itemListElement":[{"@type":"ListItem","position":1,"name":"La Barraca","item":"https:\/\/labarraca1912.es\/"},{"@type":"ListItem","position":2,"name":"\u00bfLas especias caducan? Todo lo que debes saber?\u00a0"}]},{"@type":"WebSite","@id":"https:\/\/labarraca1912.es\/#website","url":"https:\/\/labarraca1912.es\/","name":"La Barraca","description":"La Casa del Sabor","publisher":{"@id":"https:\/\/labarraca1912.es\/#organization"},"potentialAction":[{"@type":"SearchAction","target":{"@type":"EntryPoint","urlTemplate":"https:\/\/labarraca1912.es\/?s={search_term_string}"},"query-input":{"@type":"PropertyValueSpecification","valueRequired":true,"valueName":"search_term_string"}}],"inLanguage":"en-GB"},{"@type":"Organization","@id":"https:\/\/labarraca1912.es\/#organization","name":"La Barraca 1912 Alimentacion","url":"https:\/\/labarraca1912.es\/","logo":{"@type":"ImageObject","inLanguage":"en-GB","@id":"https:\/\/labarraca1912.es\/#\/schema\/logo\/image\/","url":"https:\/\/labarraca1912.es\/wp-content\/uploads\/2019\/06\/logo-labarraca.png","contentUrl":"https:\/\/labarraca1912.es\/wp-content\/uploads\/2019\/06\/logo-labarraca.png","width":2917,"height":1809,"caption":"La Barraca 1912 Alimentacion"},"image":{"@id":"https:\/\/labarraca1912.es\/#\/schema\/logo\/image\/"}},{"@type":"Person","@id":"https:\/\/labarraca1912.es\/#\/schema\/person\/4b10d6474ad3b3d53e0d88b3fd28cace","name":"Marcelo Alted","image":{"@type":"ImageObject","inLanguage":"en-GB","@id":"https:\/\/secure.gravatar.com\/avatar\/74db7b044acbe8046c5bad225157a0a7257e9aea14679bfe085b87240b10ae56?s=96&d=mm&r=g","url":"https:\/\/secure.gravatar.com\/avatar\/74db7b044acbe8046c5bad225157a0a7257e9aea14679bfe085b87240b10ae56?s=96&d=mm&r=g","contentUrl":"https:\/\/secure.gravatar.com\/avatar\/74db7b044acbe8046c5bad225157a0a7257e9aea14679bfe085b87240b10ae56?s=96&d=mm&r=g","caption":"Marcelo Alted"},"url":"https:\/\/labarraca1912.es\/en\/author\/marcelo\/"}]}},"_links":{"self":[{"href":"https:\/\/labarraca1912.es\/en\/wp-json\/wp\/v2\/posts\/13023","targetHints":{"allow":["GET"]}}],"collection":[{"href":"https:\/\/labarraca1912.es\/en\/wp-json\/wp\/v2\/posts"}],"about":[{"href":"https:\/\/labarraca1912.es\/en\/wp-json\/wp\/v2\/types\/post"}],"author":[{"embeddable":true,"href":"https:\/\/labarraca1912.es\/en\/wp-json\/wp\/v2\/users\/2"}],"replies":[{"embeddable":true,"href":"https:\/\/labarraca1912.es\/en\/wp-json\/wp\/v2\/comments?post=13023"}],"version-history":[{"count":0,"href":"https:\/\/labarraca1912.es\/en\/wp-json\/wp\/v2\/posts\/13023\/revisions"}],"wp:featuredmedia":[{"embeddable":true,"href":"https:\/\/labarraca1912.es\/en\/wp-json\/wp\/v2\/media\/13061"}],"wp:attachment":[{"href":"https:\/\/labarraca1912.es\/en\/wp-json\/wp\/v2\/media?parent=13023"}],"wp:term":[{"taxonomy":"category","embeddable":true,"href":"https:\/\/labarraca1912.es\/en\/wp-json\/wp\/v2\/categories?post=13023"},{"taxonomy":"post_tag","embeddable":true,"href":"https:\/\/labarraca1912.es\/en\/wp-json\/wp\/v2\/tags?post=13023"}],"curies":[{"name":"wp","href":"https:\/\/api.w.org\/{rel}","templated":true}]}}