{"id":5607,"date":"2020-10-13T13:09:00","date_gmt":"2020-10-13T11:09:00","guid":{"rendered":"https:\/\/labarraca1912.es\/?p=5607"},"modified":"2020-10-13T13:14:27","modified_gmt":"2020-10-13T11:14:27","slug":"ajo-negro-2","status":"publish","type":"post","link":"https:\/\/labarraca1912.es\/fr\/ajo-negro-2\/","title":{"rendered":"Ajo Negro"},"content":{"rendered":"<p>El <a href=\"https:\/\/labarraca1912.es\/fr\/ajo-negro\/\">Ajo Negro<\/a> es un tipo de ajo caramelizado, que se obtiene a trav\u00e9s del ajo com\u00fan mediante un lento proceso. Se elabora sometiendo los bulbos de ajo a calor y humedad durante semanas, transformando los dientes de ajo en un color negro intenso. Tiene un sabor dulce, con ligeros toques a vinagre bals\u00e1mico y a regaliz, as\u00ed como un olor m\u00e1s suave al del ajo com\u00fan, tambi\u00e9n tiene una textura peculiar. Tiene su origen culinario en las cocinas coreanas y tailandesas.<\/p>\n\n\n\n<p>Puede ser consumido directamente, sin necesidad de incluirlo en ninguna receta ni cocinarlo. Tambi\u00e9n puede ser utilizado untado sobre unas tostadas con aceite. En recetas de mayor elaboraci\u00f3n tambi\u00e9n puede ser utilizado para condimentar carnes, preparar sofritos, se puede elaborar mantequilla para untar. En los pescados blancos junto con la sal tambi\u00e9n puede ser utilizado.<\/p>\n\n\n\n<p>Puedes comprarlo ya en nuestra <a href=\"https:\/\/labarraca1912.es\/fr\/tienda\/\">tienda online<\/a>.<\/p>\n\n\n\n<div class=\"wp-block-buttons aligncenter is-layout-flex wp-block-buttons-is-layout-flex\">\n<div class=\"wp-block-button\"><a class=\"wp-block-button__link\" href=\"https:\/\/labarraca1912.es\/fr\/producto\/ajo-negro\/\">Acheter<\/a><\/div>\n<\/div>\n\n\n\n<p><\/p>","protected":false},"excerpt":{"rendered":"<p>El Ajo Negro es un tipo de ajo caramelizado, que se obtiene a trav\u00e9s del ajo com\u00fan mediante un lento proceso. Se elabora sometiendo los bulbos de ajo a calor y humedad durante semanas, transformando los dientes de ajo en un color negro intenso. Tiene un sabor dulce, con ligeros toques a vinagre bals\u00e1mico y [&hellip;]<\/p>\n","protected":false},"author":2,"featured_media":5608,"comment_status":"open","ping_status":"open","sticky":false,"template":"","format":"standard","meta":{"_et_pb_use_builder":"off","_et_pb_old_content":"","_et_gb_content_width":"","footnotes":""},"categories":[1],"tags":[],"class_list":["post-5607","post","type-post","status-publish","format-standard","has-post-thumbnail","hentry","category-dudas-especias"],"yoast_head":"<!-- This site is optimized with the Yoast SEO plugin v27.5 - https:\/\/yoast.com\/product\/yoast-seo-wordpress\/ -->\n<title>La Barraca Alimentaci\u00f3n - La Casa del Sabor<\/title>\n<meta name=\"description\" content=\"Una de las marcas con mayor tradici\u00f3n y prestigio entre las empresas especializadas en especias, hierbas y condimentos de Espa\u00f1a.\" \/>\n<meta name=\"robots\" content=\"index, follow, max-snippet:-1, max-image-preview:large, max-video-preview:-1\" \/>\n<link rel=\"canonical\" href=\"https:\/\/labarraca1912.es\/fr\/ajo-negro-2\/\" \/>\n<meta property=\"og:locale\" content=\"fr_FR\" \/>\n<meta property=\"og:type\" content=\"article\" \/>\n<meta property=\"og:title\" content=\"La Barraca Alimentaci\u00f3n - La Casa del Sabor\" \/>\n<meta property=\"og:description\" content=\"Una de las marcas con mayor tradici\u00f3n y prestigio entre las empresas especializadas en especias, hierbas y condimentos de Espa\u00f1a.\" \/>\n<meta property=\"og:url\" content=\"https:\/\/labarraca1912.es\/fr\/ajo-negro-2\/\" \/>\n<meta property=\"og:site_name\" content=\"La Barraca\" \/>\n<meta property=\"article:published_time\" content=\"2020-10-13T11:09:00+00:00\" \/>\n<meta property=\"article:modified_time\" content=\"2020-10-13T11:14:27+00:00\" \/>\n<meta property=\"og:image\" content=\"https:\/\/labarraca1912.es\/wp-content\/uploads\/2020\/10\/Ajo-Negro-2.jpg\" \/>\n\t<meta property=\"og:image:width\" content=\"1642\" \/>\n\t<meta property=\"og:image:height\" content=\"1095\" \/>\n\t<meta property=\"og:image:type\" content=\"image\/jpeg\" \/>\n<meta name=\"author\" content=\"Marcelo Alted\" \/>\n<meta name=\"twitter:card\" content=\"summary_large_image\" \/>\n<meta name=\"twitter:label1\" content=\"\u00c9crit par\" \/>\n\t<meta name=\"twitter:data1\" content=\"Marcelo Alted\" \/>\n\t<meta name=\"twitter:label2\" content=\"Dur\u00e9e de lecture estim\u00e9e\" \/>\n\t<meta name=\"twitter:data2\" content=\"1 minute\" \/>\n<script type=\"application\/ld+json\" class=\"yoast-schema-graph\">{\"@context\":\"https:\\\/\\\/schema.org\",\"@graph\":[{\"@type\":\"Article\",\"@id\":\"https:\\\/\\\/labarraca1912.es\\\/ajo-negro-2\\\/#article\",\"isPartOf\":{\"@id\":\"https:\\\/\\\/labarraca1912.es\\\/ajo-negro-2\\\/\"},\"author\":{\"name\":\"Marcelo Alted\",\"@id\":\"https:\\\/\\\/labarraca1912.es\\\/#\\\/schema\\\/person\\\/4b10d6474ad3b3d53e0d88b3fd28cace\"},\"headline\":\"Ajo Negro\",\"datePublished\":\"2020-10-13T11:09:00+00:00\",\"dateModified\":\"2020-10-13T11:14:27+00:00\",\"mainEntityOfPage\":{\"@id\":\"https:\\\/\\\/labarraca1912.es\\\/ajo-negro-2\\\/\"},\"wordCount\":157,\"commentCount\":0,\"publisher\":{\"@id\":\"https:\\\/\\\/labarraca1912.es\\\/#organization\"},\"image\":{\"@id\":\"https:\\\/\\\/labarraca1912.es\\\/ajo-negro-2\\\/#primaryimage\"},\"thumbnailUrl\":\"https:\\\/\\\/labarraca1912.es\\\/wp-content\\\/uploads\\\/2020\\\/10\\\/Ajo-Negro-2.jpg\",\"articleSection\":[\"Dudas sobre las especias\"],\"inLanguage\":\"fr-FR\",\"potentialAction\":[{\"@type\":\"CommentAction\",\"name\":\"Comment\",\"target\":[\"https:\\\/\\\/labarraca1912.es\\\/ajo-negro-2\\\/#respond\"]}]},{\"@type\":\"WebPage\",\"@id\":\"https:\\\/\\\/labarraca1912.es\\\/ajo-negro-2\\\/\",\"url\":\"https:\\\/\\\/labarraca1912.es\\\/ajo-negro-2\\\/\",\"name\":\"La Barraca Alimentaci\u00f3n - La Casa del Sabor\",\"isPartOf\":{\"@id\":\"https:\\\/\\\/labarraca1912.es\\\/#website\"},\"primaryImageOfPage\":{\"@id\":\"https:\\\/\\\/labarraca1912.es\\\/ajo-negro-2\\\/#primaryimage\"},\"image\":{\"@id\":\"https:\\\/\\\/labarraca1912.es\\\/ajo-negro-2\\\/#primaryimage\"},\"thumbnailUrl\":\"https:\\\/\\\/labarraca1912.es\\\/wp-content\\\/uploads\\\/2020\\\/10\\\/Ajo-Negro-2.jpg\",\"datePublished\":\"2020-10-13T11:09:00+00:00\",\"dateModified\":\"2020-10-13T11:14:27+00:00\",\"description\":\"Una de las marcas con mayor tradici\u00f3n y prestigio entre las empresas especializadas en especias, hierbas y condimentos de Espa\u00f1a.\",\"breadcrumb\":{\"@id\":\"https:\\\/\\\/labarraca1912.es\\\/ajo-negro-2\\\/#breadcrumb\"},\"inLanguage\":\"fr-FR\",\"potentialAction\":[{\"@type\":\"ReadAction\",\"target\":[\"https:\\\/\\\/labarraca1912.es\\\/ajo-negro-2\\\/\"]}]},{\"@type\":\"ImageObject\",\"inLanguage\":\"fr-FR\",\"@id\":\"https:\\\/\\\/labarraca1912.es\\\/ajo-negro-2\\\/#primaryimage\",\"url\":\"https:\\\/\\\/labarraca1912.es\\\/wp-content\\\/uploads\\\/2020\\\/10\\\/Ajo-Negro-2.jpg\",\"contentUrl\":\"https:\\\/\\\/labarraca1912.es\\\/wp-content\\\/uploads\\\/2020\\\/10\\\/Ajo-Negro-2.jpg\",\"width\":1642,\"height\":1095},{\"@type\":\"BreadcrumbList\",\"@id\":\"https:\\\/\\\/labarraca1912.es\\\/ajo-negro-2\\\/#breadcrumb\",\"itemListElement\":[{\"@type\":\"ListItem\",\"position\":1,\"name\":\"La Barraca\",\"item\":\"https:\\\/\\\/labarraca1912.es\\\/\"},{\"@type\":\"ListItem\",\"position\":2,\"name\":\"Ajo Negro\"}]},{\"@type\":\"WebSite\",\"@id\":\"https:\\\/\\\/labarraca1912.es\\\/#website\",\"url\":\"https:\\\/\\\/labarraca1912.es\\\/\",\"name\":\"La Barraca\",\"description\":\"La Casa del Sabor\",\"publisher\":{\"@id\":\"https:\\\/\\\/labarraca1912.es\\\/#organization\"},\"potentialAction\":[{\"@type\":\"SearchAction\",\"target\":{\"@type\":\"EntryPoint\",\"urlTemplate\":\"https:\\\/\\\/labarraca1912.es\\\/?s={search_term_string}\"},\"query-input\":{\"@type\":\"PropertyValueSpecification\",\"valueRequired\":true,\"valueName\":\"search_term_string\"}}],\"inLanguage\":\"fr-FR\"},{\"@type\":\"Organization\",\"@id\":\"https:\\\/\\\/labarraca1912.es\\\/#organization\",\"name\":\"La Barraca 1912 Alimentacion\",\"url\":\"https:\\\/\\\/labarraca1912.es\\\/\",\"logo\":{\"@type\":\"ImageObject\",\"inLanguage\":\"fr-FR\",\"@id\":\"https:\\\/\\\/labarraca1912.es\\\/#\\\/schema\\\/logo\\\/image\\\/\",\"url\":\"https:\\\/\\\/labarraca1912.es\\\/wp-content\\\/uploads\\\/2019\\\/06\\\/logo-labarraca.png\",\"contentUrl\":\"https:\\\/\\\/labarraca1912.es\\\/wp-content\\\/uploads\\\/2019\\\/06\\\/logo-labarraca.png\",\"width\":2917,\"height\":1809,\"caption\":\"La Barraca 1912 Alimentacion\"},\"image\":{\"@id\":\"https:\\\/\\\/labarraca1912.es\\\/#\\\/schema\\\/logo\\\/image\\\/\"}},{\"@type\":\"Person\",\"@id\":\"https:\\\/\\\/labarraca1912.es\\\/#\\\/schema\\\/person\\\/4b10d6474ad3b3d53e0d88b3fd28cace\",\"name\":\"Marcelo Alted\",\"image\":{\"@type\":\"ImageObject\",\"inLanguage\":\"fr-FR\",\"@id\":\"https:\\\/\\\/secure.gravatar.com\\\/avatar\\\/74db7b044acbe8046c5bad225157a0a7257e9aea14679bfe085b87240b10ae56?s=96&d=mm&r=g\",\"url\":\"https:\\\/\\\/secure.gravatar.com\\\/avatar\\\/74db7b044acbe8046c5bad225157a0a7257e9aea14679bfe085b87240b10ae56?s=96&d=mm&r=g\",\"contentUrl\":\"https:\\\/\\\/secure.gravatar.com\\\/avatar\\\/74db7b044acbe8046c5bad225157a0a7257e9aea14679bfe085b87240b10ae56?s=96&d=mm&r=g\",\"caption\":\"Marcelo Alted\"},\"url\":\"https:\\\/\\\/labarraca1912.es\\\/fr\\\/author\\\/marcelo\\\/\"}]}<\/script>\n<!-- \/ Yoast SEO plugin. -->","yoast_head_json":{"title":"La Barraca Alimentaci\u00f3n - La Casa del Sabor","description":"Una de las marcas con mayor tradici\u00f3n y prestigio entre las empresas especializadas en especias, hierbas y condimentos de Espa\u00f1a.","robots":{"index":"index","follow":"follow","max-snippet":"max-snippet:-1","max-image-preview":"max-image-preview:large","max-video-preview":"max-video-preview:-1"},"canonical":"https:\/\/labarraca1912.es\/fr\/ajo-negro-2\/","og_locale":"fr_FR","og_type":"article","og_title":"La Barraca Alimentaci\u00f3n - La Casa del Sabor","og_description":"Una de las marcas con mayor tradici\u00f3n y prestigio entre las empresas especializadas en especias, hierbas y condimentos de Espa\u00f1a.","og_url":"https:\/\/labarraca1912.es\/fr\/ajo-negro-2\/","og_site_name":"La Barraca","article_published_time":"2020-10-13T11:09:00+00:00","article_modified_time":"2020-10-13T11:14:27+00:00","og_image":[{"width":1642,"height":1095,"url":"https:\/\/labarraca1912.es\/wp-content\/uploads\/2020\/10\/Ajo-Negro-2.jpg","type":"image\/jpeg"}],"author":"Marcelo Alted","twitter_card":"summary_large_image","twitter_misc":{"\u00c9crit par":"Marcelo Alted","Dur\u00e9e de lecture estim\u00e9e":"1 minute"},"schema":{"@context":"https:\/\/schema.org","@graph":[{"@type":"Article","@id":"https:\/\/labarraca1912.es\/ajo-negro-2\/#article","isPartOf":{"@id":"https:\/\/labarraca1912.es\/ajo-negro-2\/"},"author":{"name":"Marcelo Alted","@id":"https:\/\/labarraca1912.es\/#\/schema\/person\/4b10d6474ad3b3d53e0d88b3fd28cace"},"headline":"Ajo Negro","datePublished":"2020-10-13T11:09:00+00:00","dateModified":"2020-10-13T11:14:27+00:00","mainEntityOfPage":{"@id":"https:\/\/labarraca1912.es\/ajo-negro-2\/"},"wordCount":157,"commentCount":0,"publisher":{"@id":"https:\/\/labarraca1912.es\/#organization"},"image":{"@id":"https:\/\/labarraca1912.es\/ajo-negro-2\/#primaryimage"},"thumbnailUrl":"https:\/\/labarraca1912.es\/wp-content\/uploads\/2020\/10\/Ajo-Negro-2.jpg","articleSection":["Dudas sobre las especias"],"inLanguage":"fr-FR","potentialAction":[{"@type":"CommentAction","name":"Comment","target":["https:\/\/labarraca1912.es\/ajo-negro-2\/#respond"]}]},{"@type":"WebPage","@id":"https:\/\/labarraca1912.es\/ajo-negro-2\/","url":"https:\/\/labarraca1912.es\/ajo-negro-2\/","name":"La Barraca Alimentaci\u00f3n - La Casa del Sabor","isPartOf":{"@id":"https:\/\/labarraca1912.es\/#website"},"primaryImageOfPage":{"@id":"https:\/\/labarraca1912.es\/ajo-negro-2\/#primaryimage"},"image":{"@id":"https:\/\/labarraca1912.es\/ajo-negro-2\/#primaryimage"},"thumbnailUrl":"https:\/\/labarraca1912.es\/wp-content\/uploads\/2020\/10\/Ajo-Negro-2.jpg","datePublished":"2020-10-13T11:09:00+00:00","dateModified":"2020-10-13T11:14:27+00:00","description":"Una de las marcas con mayor tradici\u00f3n y prestigio entre las empresas especializadas en especias, hierbas y condimentos de Espa\u00f1a.","breadcrumb":{"@id":"https:\/\/labarraca1912.es\/ajo-negro-2\/#breadcrumb"},"inLanguage":"fr-FR","potentialAction":[{"@type":"ReadAction","target":["https:\/\/labarraca1912.es\/ajo-negro-2\/"]}]},{"@type":"ImageObject","inLanguage":"fr-FR","@id":"https:\/\/labarraca1912.es\/ajo-negro-2\/#primaryimage","url":"https:\/\/labarraca1912.es\/wp-content\/uploads\/2020\/10\/Ajo-Negro-2.jpg","contentUrl":"https:\/\/labarraca1912.es\/wp-content\/uploads\/2020\/10\/Ajo-Negro-2.jpg","width":1642,"height":1095},{"@type":"BreadcrumbList","@id":"https:\/\/labarraca1912.es\/ajo-negro-2\/#breadcrumb","itemListElement":[{"@type":"ListItem","position":1,"name":"La Barraca","item":"https:\/\/labarraca1912.es\/"},{"@type":"ListItem","position":2,"name":"Ajo Negro"}]},{"@type":"WebSite","@id":"https:\/\/labarraca1912.es\/#website","url":"https:\/\/labarraca1912.es\/","name":"La Barraca","description":"La Casa del Sabor","publisher":{"@id":"https:\/\/labarraca1912.es\/#organization"},"potentialAction":[{"@type":"SearchAction","target":{"@type":"EntryPoint","urlTemplate":"https:\/\/labarraca1912.es\/?s={search_term_string}"},"query-input":{"@type":"PropertyValueSpecification","valueRequired":true,"valueName":"search_term_string"}}],"inLanguage":"fr-FR"},{"@type":"Organization","@id":"https:\/\/labarraca1912.es\/#organization","name":"La Barraca 1912 Alimentacion","url":"https:\/\/labarraca1912.es\/","logo":{"@type":"ImageObject","inLanguage":"fr-FR","@id":"https:\/\/labarraca1912.es\/#\/schema\/logo\/image\/","url":"https:\/\/labarraca1912.es\/wp-content\/uploads\/2019\/06\/logo-labarraca.png","contentUrl":"https:\/\/labarraca1912.es\/wp-content\/uploads\/2019\/06\/logo-labarraca.png","width":2917,"height":1809,"caption":"La Barraca 1912 Alimentacion"},"image":{"@id":"https:\/\/labarraca1912.es\/#\/schema\/logo\/image\/"}},{"@type":"Person","@id":"https:\/\/labarraca1912.es\/#\/schema\/person\/4b10d6474ad3b3d53e0d88b3fd28cace","name":"Marcelo Alted","image":{"@type":"ImageObject","inLanguage":"fr-FR","@id":"https:\/\/secure.gravatar.com\/avatar\/74db7b044acbe8046c5bad225157a0a7257e9aea14679bfe085b87240b10ae56?s=96&d=mm&r=g","url":"https:\/\/secure.gravatar.com\/avatar\/74db7b044acbe8046c5bad225157a0a7257e9aea14679bfe085b87240b10ae56?s=96&d=mm&r=g","contentUrl":"https:\/\/secure.gravatar.com\/avatar\/74db7b044acbe8046c5bad225157a0a7257e9aea14679bfe085b87240b10ae56?s=96&d=mm&r=g","caption":"Marcelo Alted"},"url":"https:\/\/labarraca1912.es\/fr\/author\/marcelo\/"}]}},"_links":{"self":[{"href":"https:\/\/labarraca1912.es\/fr\/wp-json\/wp\/v2\/posts\/5607","targetHints":{"allow":["GET"]}}],"collection":[{"href":"https:\/\/labarraca1912.es\/fr\/wp-json\/wp\/v2\/posts"}],"about":[{"href":"https:\/\/labarraca1912.es\/fr\/wp-json\/wp\/v2\/types\/post"}],"author":[{"embeddable":true,"href":"https:\/\/labarraca1912.es\/fr\/wp-json\/wp\/v2\/users\/2"}],"replies":[{"embeddable":true,"href":"https:\/\/labarraca1912.es\/fr\/wp-json\/wp\/v2\/comments?post=5607"}],"version-history":[{"count":0,"href":"https:\/\/labarraca1912.es\/fr\/wp-json\/wp\/v2\/posts\/5607\/revisions"}],"wp:featuredmedia":[{"embeddable":true,"href":"https:\/\/labarraca1912.es\/fr\/wp-json\/wp\/v2\/media\/5608"}],"wp:attachment":[{"href":"https:\/\/labarraca1912.es\/fr\/wp-json\/wp\/v2\/media?parent=5607"}],"wp:term":[{"taxonomy":"category","embeddable":true,"href":"https:\/\/labarraca1912.es\/fr\/wp-json\/wp\/v2\/categories?post=5607"},{"taxonomy":"post_tag","embeddable":true,"href":"https:\/\/labarraca1912.es\/fr\/wp-json\/wp\/v2\/tags?post=5607"}],"curies":[{"name":"wp","href":"https:\/\/api.w.org\/{rel}","templated":true}]}}