{"id":8193,"date":"2022-10-27T08:25:11","date_gmt":"2022-10-27T06:25:11","guid":{"rendered":"https:\/\/labarraca1912.es\/?p=8193"},"modified":"2022-10-27T08:26:19","modified_gmt":"2022-10-27T06:26:19","slug":"feria-sial-paris-2022","status":"publish","type":"post","link":"https:\/\/labarraca1912.es\/fr\/feria-sial-paris-2022\/","title":{"rendered":"Feria SIAL Paris 2022"},"content":{"rendered":"<p>Nuestros compa\u00f1eros de exportaci\u00f3n Santiago y Lorenzo, estuvieron desde el s\u00e1bado 15 de octubre hasta el mi\u00e9rcoles 19, en Paris en una de las ferias de alimentaci\u00f3n m\u00e1s importantes del mundo, como es la SIAL.<\/p>\n\n\n\n<p>Esta feria es un punto de encuentro entre fabricantes, envasadores, proveedores y clientes de todo el mundo.<\/p>\n\n\n\n<p>En SIAL puedes encontrar las \u00faltimas tendencias del mercado, as\u00ed como las innovaciones de empresas, como La Barraca Alimentaci\u00f3n.<\/p>\n\n\n\n<p>A continuaci\u00f3n dejamos una serie de im\u00e1genes de nuestro paso por SIAL.<\/p>\n\n\n\n<figure class=\"wp-block-gallery has-nested-images columns-default is-cropped wp-block-gallery-1 is-layout-flex wp-block-gallery-is-layout-flex\">\n<figure class=\"wp-block-image size-large\"><img decoding=\"async\" width=\"1196\" height=\"1600\" data-id=\"8196\" src=\"https:\/\/labarraca1912.es\/wp-content\/uploads\/1665996661324.jpg\" alt=\"\" class=\"wp-image-8196\" srcset=\"https:\/\/labarraca1912.es\/wp-content\/uploads\/1665996661324.jpg 1196w, https:\/\/labarraca1912.es\/wp-content\/uploads\/1665996661324-980x1311.jpg 980w, https:\/\/labarraca1912.es\/wp-content\/uploads\/1665996661324-480x642.jpg 480w\" sizes=\"(min-width: 0px) and (max-width: 480px) 480px, (min-width: 481px) and (max-width: 980px) 980px, (min-width: 981px) 1196px, 100vw\" \/><\/figure>\n\n\n\n<figure class=\"wp-block-image size-large\"><img decoding=\"async\" width=\"1600\" height=\"1196\" data-id=\"8198\" src=\"https:\/\/labarraca1912.es\/wp-content\/uploads\/1665996661339.jpg\" alt=\"\" class=\"wp-image-8198\" srcset=\"https:\/\/labarraca1912.es\/wp-content\/uploads\/1665996661339.jpg 1600w, https:\/\/labarraca1912.es\/wp-content\/uploads\/1665996661339-1280x957.jpg 1280w, https:\/\/labarraca1912.es\/wp-content\/uploads\/1665996661339-980x733.jpg 980w, https:\/\/labarraca1912.es\/wp-content\/uploads\/1665996661339-480x359.jpg 480w\" sizes=\"(min-width: 0px) and (max-width: 480px) 480px, (min-width: 481px) and (max-width: 980px) 980px, (min-width: 981px) and (max-width: 1280px) 1280px, (min-width: 1281px) 1600px, 100vw\" \/><\/figure>\n\n\n\n<figure class=\"wp-block-image size-large\"><img decoding=\"async\" width=\"1196\" height=\"1600\" data-id=\"8199\" src=\"https:\/\/labarraca1912.es\/wp-content\/uploads\/1665996661358.jpg\" alt=\"\" class=\"wp-image-8199\" srcset=\"https:\/\/labarraca1912.es\/wp-content\/uploads\/1665996661358.jpg 1196w, https:\/\/labarraca1912.es\/wp-content\/uploads\/1665996661358-980x1311.jpg 980w, https:\/\/labarraca1912.es\/wp-content\/uploads\/1665996661358-480x642.jpg 480w\" sizes=\"(min-width: 0px) and (max-width: 480px) 480px, (min-width: 481px) and (max-width: 980px) 980px, (min-width: 981px) 1196px, 100vw\" \/><\/figure>\n\n\n\n<figure class=\"wp-block-image size-large\"><img decoding=\"async\" width=\"1600\" height=\"1196\" data-id=\"8197\" src=\"https:\/\/labarraca1912.es\/wp-content\/uploads\/1665996661378.jpg\" alt=\"\" class=\"wp-image-8197\" srcset=\"https:\/\/labarraca1912.es\/wp-content\/uploads\/1665996661378.jpg 1600w, https:\/\/labarraca1912.es\/wp-content\/uploads\/1665996661378-1280x957.jpg 1280w, https:\/\/labarraca1912.es\/wp-content\/uploads\/1665996661378-980x733.jpg 980w, https:\/\/labarraca1912.es\/wp-content\/uploads\/1665996661378-480x359.jpg 480w\" sizes=\"(min-width: 0px) and (max-width: 480px) 480px, (min-width: 481px) and (max-width: 980px) 980px, (min-width: 981px) and (max-width: 1280px) 1280px, (min-width: 1281px) 1600px, 100vw\" \/><\/figure>\n\n\n\n<figure class=\"wp-block-image size-large\"><img decoding=\"async\" width=\"1196\" height=\"1600\" data-id=\"8200\" src=\"https:\/\/labarraca1912.es\/wp-content\/uploads\/1665996661402.jpg\" alt=\"\" class=\"wp-image-8200\" srcset=\"https:\/\/labarraca1912.es\/wp-content\/uploads\/1665996661402.jpg 1196w, https:\/\/labarraca1912.es\/wp-content\/uploads\/1665996661402-980x1311.jpg 980w, https:\/\/labarraca1912.es\/wp-content\/uploads\/1665996661402-480x642.jpg 480w\" sizes=\"(min-width: 0px) and (max-width: 480px) 480px, (min-width: 481px) and (max-width: 980px) 980px, (min-width: 981px) 1196px, 100vw\" \/><\/figure>\n\n\n\n<figure class=\"wp-block-image size-large\"><img decoding=\"async\" width=\"1600\" height=\"1196\" data-id=\"8201\" src=\"https:\/\/labarraca1912.es\/wp-content\/uploads\/1665996661424.jpg\" alt=\"\" class=\"wp-image-8201\" srcset=\"https:\/\/labarraca1912.es\/wp-content\/uploads\/1665996661424.jpg 1600w, https:\/\/labarraca1912.es\/wp-content\/uploads\/1665996661424-1280x957.jpg 1280w, https:\/\/labarraca1912.es\/wp-content\/uploads\/1665996661424-980x733.jpg 980w, https:\/\/labarraca1912.es\/wp-content\/uploads\/1665996661424-480x359.jpg 480w\" sizes=\"(min-width: 0px) and (max-width: 480px) 480px, (min-width: 481px) and (max-width: 980px) 980px, (min-width: 981px) and (max-width: 1280px) 1280px, (min-width: 1281px) 1600px, 100vw\" \/><\/figure>\n\n\n\n<figure class=\"wp-block-image size-large\"><img decoding=\"async\" width=\"1600\" height=\"1196\" data-id=\"8202\" src=\"https:\/\/labarraca1912.es\/wp-content\/uploads\/1665996661450.jpg\" alt=\"\" class=\"wp-image-8202\" srcset=\"https:\/\/labarraca1912.es\/wp-content\/uploads\/1665996661450.jpg 1600w, https:\/\/labarraca1912.es\/wp-content\/uploads\/1665996661450-1280x957.jpg 1280w, https:\/\/labarraca1912.es\/wp-content\/uploads\/1665996661450-980x733.jpg 980w, https:\/\/labarraca1912.es\/wp-content\/uploads\/1665996661450-480x359.jpg 480w\" sizes=\"(min-width: 0px) and (max-width: 480px) 480px, (min-width: 481px) and (max-width: 980px) 980px, (min-width: 981px) and (max-width: 1280px) 1280px, (min-width: 1281px) 1600px, 100vw\" \/><\/figure>\n\n\n\n<figure class=\"wp-block-image size-large\"><img decoding=\"async\" width=\"1196\" height=\"1600\" data-id=\"8203\" src=\"https:\/\/labarraca1912.es\/wp-content\/uploads\/1665996661473.jpg\" alt=\"\" class=\"wp-image-8203\" srcset=\"https:\/\/labarraca1912.es\/wp-content\/uploads\/1665996661473.jpg 1196w, https:\/\/labarraca1912.es\/wp-content\/uploads\/1665996661473-980x1311.jpg 980w, https:\/\/labarraca1912.es\/wp-content\/uploads\/1665996661473-480x642.jpg 480w\" sizes=\"(min-width: 0px) and (max-width: 480px) 480px, (min-width: 481px) and (max-width: 980px) 980px, (min-width: 981px) 1196px, 100vw\" \/><\/figure>\n<\/figure>","protected":false},"excerpt":{"rendered":"<p>Nuestros compa\u00f1eros de exportaci\u00f3n Santiago y Lorenzo, estuvieron desde el s\u00e1bado 15 de octubre hasta el mi\u00e9rcoles 19, en Paris en una de las ferias de alimentaci\u00f3n m\u00e1s importantes del mundo, como es la SIAL. Esta feria es un punto de encuentro entre fabricantes, envasadores, proveedores y clientes de todo el mundo. En SIAL puedes [&hellip;]<\/p>\n","protected":false},"author":2,"featured_media":8205,"comment_status":"open","ping_status":"open","sticky":false,"template":"","format":"standard","meta":{"_et_pb_use_builder":"off","_et_pb_old_content":"","_et_gb_content_width":"","footnotes":""},"categories":[1],"tags":[],"class_list":["post-8193","post","type-post","status-publish","format-standard","has-post-thumbnail","hentry","category-dudas-especias"],"yoast_head":"<!-- This site is optimized with the Yoast SEO plugin v27.5 - https:\/\/yoast.com\/product\/yoast-seo-wordpress\/ -->\n<title>La Barraca Alimentaci\u00f3n - La Casa del Sabor<\/title>\n<meta name=\"description\" content=\"Una de las marcas con mayor tradici\u00f3n y prestigio entre las empresas especializadas en especias, hierbas y condimentos de Espa\u00f1a.\" \/>\n<meta name=\"robots\" content=\"index, follow, max-snippet:-1, max-image-preview:large, max-video-preview:-1\" \/>\n<link rel=\"canonical\" href=\"https:\/\/labarraca1912.es\/fr\/feria-sial-paris-2022\/\" \/>\n<meta property=\"og:locale\" content=\"fr_FR\" \/>\n<meta property=\"og:type\" content=\"article\" \/>\n<meta property=\"og:title\" content=\"La Barraca Alimentaci\u00f3n - La Casa del Sabor\" \/>\n<meta property=\"og:description\" content=\"Una de las marcas con mayor tradici\u00f3n y prestigio entre las empresas especializadas en especias, hierbas y condimentos de Espa\u00f1a.\" \/>\n<meta property=\"og:url\" content=\"https:\/\/labarraca1912.es\/fr\/feria-sial-paris-2022\/\" \/>\n<meta property=\"og:site_name\" content=\"La Barraca\" \/>\n<meta property=\"article:published_time\" content=\"2022-10-27T06:25:11+00:00\" \/>\n<meta property=\"article:modified_time\" content=\"2022-10-27T06:26:19+00:00\" \/>\n<meta property=\"og:image\" content=\"https:\/\/labarraca1912.es\/wp-content\/uploads\/Firma-Sial.jpg\" \/>\n\t<meta property=\"og:image:width\" content=\"1654\" \/>\n\t<meta property=\"og:image:height\" content=\"591\" \/>\n\t<meta property=\"og:image:type\" content=\"image\/jpeg\" \/>\n<meta name=\"author\" content=\"Marcelo Alted\" \/>\n<meta name=\"twitter:card\" content=\"summary_large_image\" \/>\n<meta name=\"twitter:label1\" content=\"\u00c9crit par\" \/>\n\t<meta name=\"twitter:data1\" content=\"Marcelo Alted\" \/>\n<script type=\"application\/ld+json\" class=\"yoast-schema-graph\">{\"@context\":\"https:\\\/\\\/schema.org\",\"@graph\":[{\"@type\":\"Article\",\"@id\":\"https:\\\/\\\/labarraca1912.es\\\/feria-sial-paris-2022\\\/#article\",\"isPartOf\":{\"@id\":\"https:\\\/\\\/labarraca1912.es\\\/feria-sial-paris-2022\\\/\"},\"author\":{\"name\":\"Marcelo Alted\",\"@id\":\"https:\\\/\\\/labarraca1912.es\\\/#\\\/schema\\\/person\\\/4b10d6474ad3b3d53e0d88b3fd28cace\"},\"headline\":\"Feria SIAL Paris 2022\",\"datePublished\":\"2022-10-27T06:25:11+00:00\",\"dateModified\":\"2022-10-27T06:26:19+00:00\",\"mainEntityOfPage\":{\"@id\":\"https:\\\/\\\/labarraca1912.es\\\/feria-sial-paris-2022\\\/\"},\"wordCount\":93,\"commentCount\":0,\"publisher\":{\"@id\":\"https:\\\/\\\/labarraca1912.es\\\/#organization\"},\"image\":{\"@id\":\"https:\\\/\\\/labarraca1912.es\\\/feria-sial-paris-2022\\\/#primaryimage\"},\"thumbnailUrl\":\"https:\\\/\\\/labarraca1912.es\\\/wp-content\\\/uploads\\\/Firma-Sial.jpg\",\"articleSection\":[\"Dudas sobre las especias\"],\"inLanguage\":\"fr-FR\",\"potentialAction\":[{\"@type\":\"CommentAction\",\"name\":\"Comment\",\"target\":[\"https:\\\/\\\/labarraca1912.es\\\/feria-sial-paris-2022\\\/#respond\"]}]},{\"@type\":\"WebPage\",\"@id\":\"https:\\\/\\\/labarraca1912.es\\\/feria-sial-paris-2022\\\/\",\"url\":\"https:\\\/\\\/labarraca1912.es\\\/feria-sial-paris-2022\\\/\",\"name\":\"La Barraca Alimentaci\u00f3n - La Casa del Sabor\",\"isPartOf\":{\"@id\":\"https:\\\/\\\/labarraca1912.es\\\/#website\"},\"primaryImageOfPage\":{\"@id\":\"https:\\\/\\\/labarraca1912.es\\\/feria-sial-paris-2022\\\/#primaryimage\"},\"image\":{\"@id\":\"https:\\\/\\\/labarraca1912.es\\\/feria-sial-paris-2022\\\/#primaryimage\"},\"thumbnailUrl\":\"https:\\\/\\\/labarraca1912.es\\\/wp-content\\\/uploads\\\/Firma-Sial.jpg\",\"datePublished\":\"2022-10-27T06:25:11+00:00\",\"dateModified\":\"2022-10-27T06:26:19+00:00\",\"description\":\"Una de las marcas con mayor tradici\u00f3n y prestigio entre las empresas especializadas en especias, hierbas y condimentos de Espa\u00f1a.\",\"breadcrumb\":{\"@id\":\"https:\\\/\\\/labarraca1912.es\\\/feria-sial-paris-2022\\\/#breadcrumb\"},\"inLanguage\":\"fr-FR\",\"potentialAction\":[{\"@type\":\"ReadAction\",\"target\":[\"https:\\\/\\\/labarraca1912.es\\\/feria-sial-paris-2022\\\/\"]}]},{\"@type\":\"ImageObject\",\"inLanguage\":\"fr-FR\",\"@id\":\"https:\\\/\\\/labarraca1912.es\\\/feria-sial-paris-2022\\\/#primaryimage\",\"url\":\"https:\\\/\\\/labarraca1912.es\\\/wp-content\\\/uploads\\\/Firma-Sial.jpg\",\"contentUrl\":\"https:\\\/\\\/labarraca1912.es\\\/wp-content\\\/uploads\\\/Firma-Sial.jpg\",\"width\":1654,\"height\":591},{\"@type\":\"BreadcrumbList\",\"@id\":\"https:\\\/\\\/labarraca1912.es\\\/feria-sial-paris-2022\\\/#breadcrumb\",\"itemListElement\":[{\"@type\":\"ListItem\",\"position\":1,\"name\":\"La Barraca\",\"item\":\"https:\\\/\\\/labarraca1912.es\\\/\"},{\"@type\":\"ListItem\",\"position\":2,\"name\":\"Feria SIAL Paris 2022\"}]},{\"@type\":\"WebSite\",\"@id\":\"https:\\\/\\\/labarraca1912.es\\\/#website\",\"url\":\"https:\\\/\\\/labarraca1912.es\\\/\",\"name\":\"La Barraca\",\"description\":\"La Casa del Sabor\",\"publisher\":{\"@id\":\"https:\\\/\\\/labarraca1912.es\\\/#organization\"},\"potentialAction\":[{\"@type\":\"SearchAction\",\"target\":{\"@type\":\"EntryPoint\",\"urlTemplate\":\"https:\\\/\\\/labarraca1912.es\\\/?s={search_term_string}\"},\"query-input\":{\"@type\":\"PropertyValueSpecification\",\"valueRequired\":true,\"valueName\":\"search_term_string\"}}],\"inLanguage\":\"fr-FR\"},{\"@type\":\"Organization\",\"@id\":\"https:\\\/\\\/labarraca1912.es\\\/#organization\",\"name\":\"La Barraca 1912 Alimentacion\",\"url\":\"https:\\\/\\\/labarraca1912.es\\\/\",\"logo\":{\"@type\":\"ImageObject\",\"inLanguage\":\"fr-FR\",\"@id\":\"https:\\\/\\\/labarraca1912.es\\\/#\\\/schema\\\/logo\\\/image\\\/\",\"url\":\"https:\\\/\\\/labarraca1912.es\\\/wp-content\\\/uploads\\\/2019\\\/06\\\/logo-labarraca.png\",\"contentUrl\":\"https:\\\/\\\/labarraca1912.es\\\/wp-content\\\/uploads\\\/2019\\\/06\\\/logo-labarraca.png\",\"width\":2917,\"height\":1809,\"caption\":\"La Barraca 1912 Alimentacion\"},\"image\":{\"@id\":\"https:\\\/\\\/labarraca1912.es\\\/#\\\/schema\\\/logo\\\/image\\\/\"}},{\"@type\":\"Person\",\"@id\":\"https:\\\/\\\/labarraca1912.es\\\/#\\\/schema\\\/person\\\/4b10d6474ad3b3d53e0d88b3fd28cace\",\"name\":\"Marcelo Alted\",\"image\":{\"@type\":\"ImageObject\",\"inLanguage\":\"fr-FR\",\"@id\":\"https:\\\/\\\/secure.gravatar.com\\\/avatar\\\/74db7b044acbe8046c5bad225157a0a7257e9aea14679bfe085b87240b10ae56?s=96&d=mm&r=g\",\"url\":\"https:\\\/\\\/secure.gravatar.com\\\/avatar\\\/74db7b044acbe8046c5bad225157a0a7257e9aea14679bfe085b87240b10ae56?s=96&d=mm&r=g\",\"contentUrl\":\"https:\\\/\\\/secure.gravatar.com\\\/avatar\\\/74db7b044acbe8046c5bad225157a0a7257e9aea14679bfe085b87240b10ae56?s=96&d=mm&r=g\",\"caption\":\"Marcelo Alted\"},\"url\":\"https:\\\/\\\/labarraca1912.es\\\/fr\\\/author\\\/marcelo\\\/\"}]}<\/script>\n<!-- \/ Yoast SEO plugin. -->","yoast_head_json":{"title":"La Barraca Alimentaci\u00f3n - La Casa del Sabor","description":"Una de las marcas con mayor tradici\u00f3n y prestigio entre las empresas especializadas en especias, hierbas y condimentos de Espa\u00f1a.","robots":{"index":"index","follow":"follow","max-snippet":"max-snippet:-1","max-image-preview":"max-image-preview:large","max-video-preview":"max-video-preview:-1"},"canonical":"https:\/\/labarraca1912.es\/fr\/feria-sial-paris-2022\/","og_locale":"fr_FR","og_type":"article","og_title":"La Barraca Alimentaci\u00f3n - La Casa del Sabor","og_description":"Una de las marcas con mayor tradici\u00f3n y prestigio entre las empresas especializadas en especias, hierbas y condimentos de Espa\u00f1a.","og_url":"https:\/\/labarraca1912.es\/fr\/feria-sial-paris-2022\/","og_site_name":"La Barraca","article_published_time":"2022-10-27T06:25:11+00:00","article_modified_time":"2022-10-27T06:26:19+00:00","og_image":[{"width":1654,"height":591,"url":"https:\/\/labarraca1912.es\/wp-content\/uploads\/Firma-Sial.jpg","type":"image\/jpeg"}],"author":"Marcelo Alted","twitter_card":"summary_large_image","twitter_misc":{"\u00c9crit par":"Marcelo Alted"},"schema":{"@context":"https:\/\/schema.org","@graph":[{"@type":"Article","@id":"https:\/\/labarraca1912.es\/feria-sial-paris-2022\/#article","isPartOf":{"@id":"https:\/\/labarraca1912.es\/feria-sial-paris-2022\/"},"author":{"name":"Marcelo Alted","@id":"https:\/\/labarraca1912.es\/#\/schema\/person\/4b10d6474ad3b3d53e0d88b3fd28cace"},"headline":"Feria SIAL Paris 2022","datePublished":"2022-10-27T06:25:11+00:00","dateModified":"2022-10-27T06:26:19+00:00","mainEntityOfPage":{"@id":"https:\/\/labarraca1912.es\/feria-sial-paris-2022\/"},"wordCount":93,"commentCount":0,"publisher":{"@id":"https:\/\/labarraca1912.es\/#organization"},"image":{"@id":"https:\/\/labarraca1912.es\/feria-sial-paris-2022\/#primaryimage"},"thumbnailUrl":"https:\/\/labarraca1912.es\/wp-content\/uploads\/Firma-Sial.jpg","articleSection":["Dudas sobre las especias"],"inLanguage":"fr-FR","potentialAction":[{"@type":"CommentAction","name":"Comment","target":["https:\/\/labarraca1912.es\/feria-sial-paris-2022\/#respond"]}]},{"@type":"WebPage","@id":"https:\/\/labarraca1912.es\/feria-sial-paris-2022\/","url":"https:\/\/labarraca1912.es\/feria-sial-paris-2022\/","name":"La Barraca Alimentaci\u00f3n - La Casa del Sabor","isPartOf":{"@id":"https:\/\/labarraca1912.es\/#website"},"primaryImageOfPage":{"@id":"https:\/\/labarraca1912.es\/feria-sial-paris-2022\/#primaryimage"},"image":{"@id":"https:\/\/labarraca1912.es\/feria-sial-paris-2022\/#primaryimage"},"thumbnailUrl":"https:\/\/labarraca1912.es\/wp-content\/uploads\/Firma-Sial.jpg","datePublished":"2022-10-27T06:25:11+00:00","dateModified":"2022-10-27T06:26:19+00:00","description":"Una de las marcas con mayor tradici\u00f3n y prestigio entre las empresas especializadas en especias, hierbas y condimentos de Espa\u00f1a.","breadcrumb":{"@id":"https:\/\/labarraca1912.es\/feria-sial-paris-2022\/#breadcrumb"},"inLanguage":"fr-FR","potentialAction":[{"@type":"ReadAction","target":["https:\/\/labarraca1912.es\/feria-sial-paris-2022\/"]}]},{"@type":"ImageObject","inLanguage":"fr-FR","@id":"https:\/\/labarraca1912.es\/feria-sial-paris-2022\/#primaryimage","url":"https:\/\/labarraca1912.es\/wp-content\/uploads\/Firma-Sial.jpg","contentUrl":"https:\/\/labarraca1912.es\/wp-content\/uploads\/Firma-Sial.jpg","width":1654,"height":591},{"@type":"BreadcrumbList","@id":"https:\/\/labarraca1912.es\/feria-sial-paris-2022\/#breadcrumb","itemListElement":[{"@type":"ListItem","position":1,"name":"La Barraca","item":"https:\/\/labarraca1912.es\/"},{"@type":"ListItem","position":2,"name":"Feria SIAL Paris 2022"}]},{"@type":"WebSite","@id":"https:\/\/labarraca1912.es\/#website","url":"https:\/\/labarraca1912.es\/","name":"La Barraca","description":"La Casa del Sabor","publisher":{"@id":"https:\/\/labarraca1912.es\/#organization"},"potentialAction":[{"@type":"SearchAction","target":{"@type":"EntryPoint","urlTemplate":"https:\/\/labarraca1912.es\/?s={search_term_string}"},"query-input":{"@type":"PropertyValueSpecification","valueRequired":true,"valueName":"search_term_string"}}],"inLanguage":"fr-FR"},{"@type":"Organization","@id":"https:\/\/labarraca1912.es\/#organization","name":"La Barraca 1912 Alimentacion","url":"https:\/\/labarraca1912.es\/","logo":{"@type":"ImageObject","inLanguage":"fr-FR","@id":"https:\/\/labarraca1912.es\/#\/schema\/logo\/image\/","url":"https:\/\/labarraca1912.es\/wp-content\/uploads\/2019\/06\/logo-labarraca.png","contentUrl":"https:\/\/labarraca1912.es\/wp-content\/uploads\/2019\/06\/logo-labarraca.png","width":2917,"height":1809,"caption":"La Barraca 1912 Alimentacion"},"image":{"@id":"https:\/\/labarraca1912.es\/#\/schema\/logo\/image\/"}},{"@type":"Person","@id":"https:\/\/labarraca1912.es\/#\/schema\/person\/4b10d6474ad3b3d53e0d88b3fd28cace","name":"Marcelo Alted","image":{"@type":"ImageObject","inLanguage":"fr-FR","@id":"https:\/\/secure.gravatar.com\/avatar\/74db7b044acbe8046c5bad225157a0a7257e9aea14679bfe085b87240b10ae56?s=96&d=mm&r=g","url":"https:\/\/secure.gravatar.com\/avatar\/74db7b044acbe8046c5bad225157a0a7257e9aea14679bfe085b87240b10ae56?s=96&d=mm&r=g","contentUrl":"https:\/\/secure.gravatar.com\/avatar\/74db7b044acbe8046c5bad225157a0a7257e9aea14679bfe085b87240b10ae56?s=96&d=mm&r=g","caption":"Marcelo Alted"},"url":"https:\/\/labarraca1912.es\/fr\/author\/marcelo\/"}]}},"_links":{"self":[{"href":"https:\/\/labarraca1912.es\/fr\/wp-json\/wp\/v2\/posts\/8193","targetHints":{"allow":["GET"]}}],"collection":[{"href":"https:\/\/labarraca1912.es\/fr\/wp-json\/wp\/v2\/posts"}],"about":[{"href":"https:\/\/labarraca1912.es\/fr\/wp-json\/wp\/v2\/types\/post"}],"author":[{"embeddable":true,"href":"https:\/\/labarraca1912.es\/fr\/wp-json\/wp\/v2\/users\/2"}],"replies":[{"embeddable":true,"href":"https:\/\/labarraca1912.es\/fr\/wp-json\/wp\/v2\/comments?post=8193"}],"version-history":[{"count":0,"href":"https:\/\/labarraca1912.es\/fr\/wp-json\/wp\/v2\/posts\/8193\/revisions"}],"wp:featuredmedia":[{"embeddable":true,"href":"https:\/\/labarraca1912.es\/fr\/wp-json\/wp\/v2\/media\/8205"}],"wp:attachment":[{"href":"https:\/\/labarraca1912.es\/fr\/wp-json\/wp\/v2\/media?parent=8193"}],"wp:term":[{"taxonomy":"category","embeddable":true,"href":"https:\/\/labarraca1912.es\/fr\/wp-json\/wp\/v2\/categories?post=8193"},{"taxonomy":"post_tag","embeddable":true,"href":"https:\/\/labarraca1912.es\/fr\/wp-json\/wp\/v2\/tags?post=8193"}],"curies":[{"name":"wp","href":"https:\/\/api.w.org\/{rel}","templated":true}]}}