{"id":14118,"date":"2026-03-16T12:12:54","date_gmt":"2026-03-16T11:12:54","guid":{"rendered":"https:\/\/labarraca1912.es\/?p=14118"},"modified":"2026-03-16T12:13:51","modified_gmt":"2026-03-16T11:13:51","slug":"la-barraca-estara-presente-en-alimentaria","status":"publish","type":"post","link":"https:\/\/labarraca1912.es\/pt\/la-barraca-estara-presente-en-alimentaria\/","title":{"rendered":"La Barraca estar\u00e1 presente en Alimentaria"},"content":{"rendered":"<p><strong><a href=\"https:\/\/www.alimentaria.com\/\" target=\"_blank\" rel=\"noopener\">Alimentaria Barcelona<\/a><\/strong> es una de las <strong>ferias internacionales m\u00e1s importantes del sector de la alimentaci\u00f3n, bebidas y gastronom\u00eda<\/strong>. Se celebra cada dos a\u00f1os en el recinto de <strong>Fira Barcelona Gran Via<\/strong>, en la ciudad de <strong>Barcelona<\/strong>, y re\u00fane a miles de profesionales del sector de todo el mundo.<\/p>\n\n\n\n<p>En <strong><a href=\"https:\/\/labarraca1912.es\/pt\/\">LA BARRACA<\/a><\/strong>, llevamos a\u00f1os dedicados a lo que mejor sabemos hacer: ofrecer productos que representan la aut\u00e9ntica esencia de nuestra tierra. Nuestro compromiso con la calidad, la tradici\u00f3n y el sabor nos ha convertido en un referente para quienes buscan productos con car\u00e1cter y autenticidad.<\/p>\n\n\n\n<p>En esta edici\u00f3n de <strong><a href=\"https:\/\/www.alimentaria.com\/\" target=\"_blank\" rel=\"noopener\">Alimentaria Barcelona 2026<\/a><\/strong>, queremos compartir con profesionales y visitantes nuestra pasi\u00f3n por la gastronom\u00eda. Nuestro stand es un punto de encuentro para descubrir la calidad de nuestros productos, conocer nuestras novedades y disfrutar de la experiencia que define a <strong><a href=\"https:\/\/labarraca1912.es\/pt\/\">LA BARRACA<\/a>: \u201cLa Casa del Sabor\u201d.<\/strong><\/p>\n\n\n\n<p>Invitamos a distribuidores, chefs y amantes de la buena cocina a visitarnos y descubrir c\u00f3mo seguimos evolucionando sin perder nuestras ra\u00edces, manteniendo siempre el mismo objetivo: llevar a cada mesa un sabor aut\u00e9ntico y memorable.<\/p>\n\n\n\n<p><\/p>\n\n\n\n<h2 class=\"wp-block-heading\">Puede visitarnos en:<\/h2>\n\n\n\n<figure class=\"wp-block-gallery has-nested-images columns-default is-cropped wp-block-gallery-1 is-layout-flex wp-block-gallery-is-layout-flex\">\n<figure class=\"wp-block-image size-large\"><img decoding=\"async\" width=\"1535\" height=\"172\" data-id=\"14119\" src=\"https:\/\/labarraca1912.es\/wp-content\/uploads\/STAND.jpg\" alt=\"\" class=\"wp-image-14119\" srcset=\"https:\/\/labarraca1912.es\/wp-content\/uploads\/STAND.jpg 1535w, https:\/\/labarraca1912.es\/wp-content\/uploads\/STAND-1280x143.jpg 1280w, https:\/\/labarraca1912.es\/wp-content\/uploads\/STAND-980x110.jpg 980w, https:\/\/labarraca1912.es\/wp-content\/uploads\/STAND-480x54.jpg 480w\" sizes=\"(min-width: 0px) and (max-width: 480px) 480px, (min-width: 481px) and (max-width: 980px) 980px, (min-width: 981px) and (max-width: 1280px) 1280px, (min-width: 1281px) 1535px, 100vw\" \/><\/figure>\n<\/figure>","protected":false},"excerpt":{"rendered":"<p>Alimentaria Barcelona es una de las ferias internacionales m\u00e1s importantes del sector de la alimentaci\u00f3n, bebidas y gastronom\u00eda. Se celebra cada dos a\u00f1os en el recinto de Fira Barcelona Gran Via, en la ciudad de Barcelona, y re\u00fane a miles de profesionales del sector de todo el mundo. En LA BARRACA, llevamos a\u00f1os dedicados a [&hellip;]<\/p>\n","protected":false},"author":2,"featured_media":14115,"comment_status":"open","ping_status":"closed","sticky":false,"template":"","format":"standard","meta":{"_et_pb_use_builder":"off","_et_pb_old_content":"","_et_gb_content_width":"","footnotes":""},"categories":[1],"tags":[],"class_list":["post-14118","post","type-post","status-publish","format-standard","has-post-thumbnail","hentry","category-dudas-especias"],"yoast_head":"<!-- This site is optimized with the Yoast SEO plugin v27.5 - https:\/\/yoast.com\/product\/yoast-seo-wordpress\/ -->\n<title>La Barraca Alimentaci\u00f3n - La Casa del Sabor<\/title>\n<meta name=\"description\" content=\"Una de las marcas con mayor tradici\u00f3n y prestigio entre las empresas especializadas en especias, hierbas y condimentos de Espa\u00f1a.\" \/>\n<meta name=\"robots\" content=\"index, follow, max-snippet:-1, max-image-preview:large, max-video-preview:-1\" \/>\n<link rel=\"canonical\" href=\"https:\/\/labarraca1912.es\/pt\/la-barraca-estara-presente-en-alimentaria\/\" \/>\n<meta property=\"og:locale\" content=\"pt_PT\" \/>\n<meta property=\"og:type\" content=\"article\" \/>\n<meta property=\"og:title\" content=\"La Barraca Alimentaci\u00f3n - La Casa del Sabor\" \/>\n<meta property=\"og:description\" content=\"Una de las marcas con mayor tradici\u00f3n y prestigio entre las empresas especializadas en especias, hierbas y condimentos de Espa\u00f1a.\" \/>\n<meta property=\"og:url\" content=\"https:\/\/labarraca1912.es\/pt\/la-barraca-estara-presente-en-alimentaria\/\" \/>\n<meta property=\"og:site_name\" content=\"La Barraca\" \/>\n<meta property=\"article:published_time\" content=\"2026-03-16T11:12:54+00:00\" \/>\n<meta property=\"article:modified_time\" content=\"2026-03-16T11:13:51+00:00\" \/>\n<meta property=\"og:image\" content=\"https:\/\/labarraca1912.es\/wp-content\/uploads\/Base-Slider-Web-ALIMENTARIA2-scaled.jpg\" \/>\n\t<meta property=\"og:image:width\" content=\"2560\" \/>\n\t<meta property=\"og:image:height\" content=\"1440\" \/>\n\t<meta property=\"og:image:type\" content=\"image\/jpeg\" \/>\n<meta name=\"author\" content=\"Marcelo Alted\" \/>\n<meta name=\"twitter:card\" content=\"summary_large_image\" \/>\n<meta name=\"twitter:label1\" content=\"Escrito por\" \/>\n\t<meta name=\"twitter:data1\" content=\"Marcelo Alted\" \/>\n\t<meta name=\"twitter:label2\" content=\"Tempo estimado de leitura\" \/>\n\t<meta name=\"twitter:data2\" content=\"2 minutos\" \/>\n<script type=\"application\/ld+json\" class=\"yoast-schema-graph\">{\"@context\":\"https:\\\/\\\/schema.org\",\"@graph\":[{\"@type\":\"Article\",\"@id\":\"https:\\\/\\\/labarraca1912.es\\\/la-barraca-estara-presente-en-alimentaria\\\/#article\",\"isPartOf\":{\"@id\":\"https:\\\/\\\/labarraca1912.es\\\/la-barraca-estara-presente-en-alimentaria\\\/\"},\"author\":{\"name\":\"Marcelo Alted\",\"@id\":\"https:\\\/\\\/labarraca1912.es\\\/#\\\/schema\\\/person\\\/4b10d6474ad3b3d53e0d88b3fd28cace\"},\"headline\":\"La Barraca estar\u00e1 presente en Alimentaria\",\"datePublished\":\"2026-03-16T11:12:54+00:00\",\"dateModified\":\"2026-03-16T11:13:51+00:00\",\"mainEntityOfPage\":{\"@id\":\"https:\\\/\\\/labarraca1912.es\\\/la-barraca-estara-presente-en-alimentaria\\\/\"},\"wordCount\":201,\"commentCount\":0,\"publisher\":{\"@id\":\"https:\\\/\\\/labarraca1912.es\\\/#organization\"},\"image\":{\"@id\":\"https:\\\/\\\/labarraca1912.es\\\/la-barraca-estara-presente-en-alimentaria\\\/#primaryimage\"},\"thumbnailUrl\":\"https:\\\/\\\/labarraca1912.es\\\/wp-content\\\/uploads\\\/Base-Slider-Web-ALIMENTARIA2-scaled.jpg\",\"articleSection\":[\"Dudas sobre las especias\"],\"inLanguage\":\"pt-PT\",\"potentialAction\":[{\"@type\":\"CommentAction\",\"name\":\"Comment\",\"target\":[\"https:\\\/\\\/labarraca1912.es\\\/la-barraca-estara-presente-en-alimentaria\\\/#respond\"]}]},{\"@type\":\"WebPage\",\"@id\":\"https:\\\/\\\/labarraca1912.es\\\/la-barraca-estara-presente-en-alimentaria\\\/\",\"url\":\"https:\\\/\\\/labarraca1912.es\\\/la-barraca-estara-presente-en-alimentaria\\\/\",\"name\":\"La Barraca Alimentaci\u00f3n - La Casa del Sabor\",\"isPartOf\":{\"@id\":\"https:\\\/\\\/labarraca1912.es\\\/#website\"},\"primaryImageOfPage\":{\"@id\":\"https:\\\/\\\/labarraca1912.es\\\/la-barraca-estara-presente-en-alimentaria\\\/#primaryimage\"},\"image\":{\"@id\":\"https:\\\/\\\/labarraca1912.es\\\/la-barraca-estara-presente-en-alimentaria\\\/#primaryimage\"},\"thumbnailUrl\":\"https:\\\/\\\/labarraca1912.es\\\/wp-content\\\/uploads\\\/Base-Slider-Web-ALIMENTARIA2-scaled.jpg\",\"datePublished\":\"2026-03-16T11:12:54+00:00\",\"dateModified\":\"2026-03-16T11:13:51+00:00\",\"description\":\"Una de las marcas con mayor tradici\u00f3n y prestigio entre las empresas especializadas en especias, hierbas y condimentos de Espa\u00f1a.\",\"breadcrumb\":{\"@id\":\"https:\\\/\\\/labarraca1912.es\\\/la-barraca-estara-presente-en-alimentaria\\\/#breadcrumb\"},\"inLanguage\":\"pt-PT\",\"potentialAction\":[{\"@type\":\"ReadAction\",\"target\":[\"https:\\\/\\\/labarraca1912.es\\\/la-barraca-estara-presente-en-alimentaria\\\/\"]}]},{\"@type\":\"ImageObject\",\"inLanguage\":\"pt-PT\",\"@id\":\"https:\\\/\\\/labarraca1912.es\\\/la-barraca-estara-presente-en-alimentaria\\\/#primaryimage\",\"url\":\"https:\\\/\\\/labarraca1912.es\\\/wp-content\\\/uploads\\\/Base-Slider-Web-ALIMENTARIA2-scaled.jpg\",\"contentUrl\":\"https:\\\/\\\/labarraca1912.es\\\/wp-content\\\/uploads\\\/Base-Slider-Web-ALIMENTARIA2-scaled.jpg\",\"width\":2560,\"height\":1440},{\"@type\":\"BreadcrumbList\",\"@id\":\"https:\\\/\\\/labarraca1912.es\\\/la-barraca-estara-presente-en-alimentaria\\\/#breadcrumb\",\"itemListElement\":[{\"@type\":\"ListItem\",\"position\":1,\"name\":\"La Barraca\",\"item\":\"https:\\\/\\\/labarraca1912.es\\\/\"},{\"@type\":\"ListItem\",\"position\":2,\"name\":\"La Barraca estar\u00e1 presente en Alimentaria\"}]},{\"@type\":\"WebSite\",\"@id\":\"https:\\\/\\\/labarraca1912.es\\\/#website\",\"url\":\"https:\\\/\\\/labarraca1912.es\\\/\",\"name\":\"La Barraca\",\"description\":\"La Casa del Sabor\",\"publisher\":{\"@id\":\"https:\\\/\\\/labarraca1912.es\\\/#organization\"},\"potentialAction\":[{\"@type\":\"SearchAction\",\"target\":{\"@type\":\"EntryPoint\",\"urlTemplate\":\"https:\\\/\\\/labarraca1912.es\\\/?s={search_term_string}\"},\"query-input\":{\"@type\":\"PropertyValueSpecification\",\"valueRequired\":true,\"valueName\":\"search_term_string\"}}],\"inLanguage\":\"pt-PT\"},{\"@type\":\"Organization\",\"@id\":\"https:\\\/\\\/labarraca1912.es\\\/#organization\",\"name\":\"La Barraca 1912 Alimentacion\",\"url\":\"https:\\\/\\\/labarraca1912.es\\\/\",\"logo\":{\"@type\":\"ImageObject\",\"inLanguage\":\"pt-PT\",\"@id\":\"https:\\\/\\\/labarraca1912.es\\\/#\\\/schema\\\/logo\\\/image\\\/\",\"url\":\"https:\\\/\\\/labarraca1912.es\\\/wp-content\\\/uploads\\\/2019\\\/06\\\/logo-labarraca.png\",\"contentUrl\":\"https:\\\/\\\/labarraca1912.es\\\/wp-content\\\/uploads\\\/2019\\\/06\\\/logo-labarraca.png\",\"width\":2917,\"height\":1809,\"caption\":\"La Barraca 1912 Alimentacion\"},\"image\":{\"@id\":\"https:\\\/\\\/labarraca1912.es\\\/#\\\/schema\\\/logo\\\/image\\\/\"}},{\"@type\":\"Person\",\"@id\":\"https:\\\/\\\/labarraca1912.es\\\/#\\\/schema\\\/person\\\/4b10d6474ad3b3d53e0d88b3fd28cace\",\"name\":\"Marcelo Alted\",\"image\":{\"@type\":\"ImageObject\",\"inLanguage\":\"pt-PT\",\"@id\":\"https:\\\/\\\/secure.gravatar.com\\\/avatar\\\/74db7b044acbe8046c5bad225157a0a7257e9aea14679bfe085b87240b10ae56?s=96&d=mm&r=g\",\"url\":\"https:\\\/\\\/secure.gravatar.com\\\/avatar\\\/74db7b044acbe8046c5bad225157a0a7257e9aea14679bfe085b87240b10ae56?s=96&d=mm&r=g\",\"contentUrl\":\"https:\\\/\\\/secure.gravatar.com\\\/avatar\\\/74db7b044acbe8046c5bad225157a0a7257e9aea14679bfe085b87240b10ae56?s=96&d=mm&r=g\",\"caption\":\"Marcelo Alted\"},\"url\":\"https:\\\/\\\/labarraca1912.es\\\/pt\\\/author\\\/marcelo\\\/\"}]}<\/script>\n<!-- \/ Yoast SEO plugin. -->","yoast_head_json":{"title":"La Barraca Alimentaci\u00f3n - La Casa del Sabor","description":"Una de las marcas con mayor tradici\u00f3n y prestigio entre las empresas especializadas en especias, hierbas y condimentos de Espa\u00f1a.","robots":{"index":"index","follow":"follow","max-snippet":"max-snippet:-1","max-image-preview":"max-image-preview:large","max-video-preview":"max-video-preview:-1"},"canonical":"https:\/\/labarraca1912.es\/pt\/la-barraca-estara-presente-en-alimentaria\/","og_locale":"pt_PT","og_type":"article","og_title":"La Barraca Alimentaci\u00f3n - La Casa del Sabor","og_description":"Una de las marcas con mayor tradici\u00f3n y prestigio entre las empresas especializadas en especias, hierbas y condimentos de Espa\u00f1a.","og_url":"https:\/\/labarraca1912.es\/pt\/la-barraca-estara-presente-en-alimentaria\/","og_site_name":"La Barraca","article_published_time":"2026-03-16T11:12:54+00:00","article_modified_time":"2026-03-16T11:13:51+00:00","og_image":[{"width":2560,"height":1440,"url":"https:\/\/labarraca1912.es\/wp-content\/uploads\/Base-Slider-Web-ALIMENTARIA2-scaled.jpg","type":"image\/jpeg"}],"author":"Marcelo Alted","twitter_card":"summary_large_image","twitter_misc":{"Escrito por":"Marcelo Alted","Tempo estimado de leitura":"2 minutos"},"schema":{"@context":"https:\/\/schema.org","@graph":[{"@type":"Article","@id":"https:\/\/labarraca1912.es\/la-barraca-estara-presente-en-alimentaria\/#article","isPartOf":{"@id":"https:\/\/labarraca1912.es\/la-barraca-estara-presente-en-alimentaria\/"},"author":{"name":"Marcelo Alted","@id":"https:\/\/labarraca1912.es\/#\/schema\/person\/4b10d6474ad3b3d53e0d88b3fd28cace"},"headline":"La Barraca estar\u00e1 presente en Alimentaria","datePublished":"2026-03-16T11:12:54+00:00","dateModified":"2026-03-16T11:13:51+00:00","mainEntityOfPage":{"@id":"https:\/\/labarraca1912.es\/la-barraca-estara-presente-en-alimentaria\/"},"wordCount":201,"commentCount":0,"publisher":{"@id":"https:\/\/labarraca1912.es\/#organization"},"image":{"@id":"https:\/\/labarraca1912.es\/la-barraca-estara-presente-en-alimentaria\/#primaryimage"},"thumbnailUrl":"https:\/\/labarraca1912.es\/wp-content\/uploads\/Base-Slider-Web-ALIMENTARIA2-scaled.jpg","articleSection":["Dudas sobre las especias"],"inLanguage":"pt-PT","potentialAction":[{"@type":"CommentAction","name":"Comment","target":["https:\/\/labarraca1912.es\/la-barraca-estara-presente-en-alimentaria\/#respond"]}]},{"@type":"WebPage","@id":"https:\/\/labarraca1912.es\/la-barraca-estara-presente-en-alimentaria\/","url":"https:\/\/labarraca1912.es\/la-barraca-estara-presente-en-alimentaria\/","name":"La Barraca Alimentaci\u00f3n - La Casa del Sabor","isPartOf":{"@id":"https:\/\/labarraca1912.es\/#website"},"primaryImageOfPage":{"@id":"https:\/\/labarraca1912.es\/la-barraca-estara-presente-en-alimentaria\/#primaryimage"},"image":{"@id":"https:\/\/labarraca1912.es\/la-barraca-estara-presente-en-alimentaria\/#primaryimage"},"thumbnailUrl":"https:\/\/labarraca1912.es\/wp-content\/uploads\/Base-Slider-Web-ALIMENTARIA2-scaled.jpg","datePublished":"2026-03-16T11:12:54+00:00","dateModified":"2026-03-16T11:13:51+00:00","description":"Una de las marcas con mayor tradici\u00f3n y prestigio entre las empresas especializadas en especias, hierbas y condimentos de Espa\u00f1a.","breadcrumb":{"@id":"https:\/\/labarraca1912.es\/la-barraca-estara-presente-en-alimentaria\/#breadcrumb"},"inLanguage":"pt-PT","potentialAction":[{"@type":"ReadAction","target":["https:\/\/labarraca1912.es\/la-barraca-estara-presente-en-alimentaria\/"]}]},{"@type":"ImageObject","inLanguage":"pt-PT","@id":"https:\/\/labarraca1912.es\/la-barraca-estara-presente-en-alimentaria\/#primaryimage","url":"https:\/\/labarraca1912.es\/wp-content\/uploads\/Base-Slider-Web-ALIMENTARIA2-scaled.jpg","contentUrl":"https:\/\/labarraca1912.es\/wp-content\/uploads\/Base-Slider-Web-ALIMENTARIA2-scaled.jpg","width":2560,"height":1440},{"@type":"BreadcrumbList","@id":"https:\/\/labarraca1912.es\/la-barraca-estara-presente-en-alimentaria\/#breadcrumb","itemListElement":[{"@type":"ListItem","position":1,"name":"La Barraca","item":"https:\/\/labarraca1912.es\/"},{"@type":"ListItem","position":2,"name":"La Barraca estar\u00e1 presente en Alimentaria"}]},{"@type":"WebSite","@id":"https:\/\/labarraca1912.es\/#website","url":"https:\/\/labarraca1912.es\/","name":"La Barraca","description":"La Casa del Sabor","publisher":{"@id":"https:\/\/labarraca1912.es\/#organization"},"potentialAction":[{"@type":"SearchAction","target":{"@type":"EntryPoint","urlTemplate":"https:\/\/labarraca1912.es\/?s={search_term_string}"},"query-input":{"@type":"PropertyValueSpecification","valueRequired":true,"valueName":"search_term_string"}}],"inLanguage":"pt-PT"},{"@type":"Organization","@id":"https:\/\/labarraca1912.es\/#organization","name":"La Barraca 1912 Alimentacion","url":"https:\/\/labarraca1912.es\/","logo":{"@type":"ImageObject","inLanguage":"pt-PT","@id":"https:\/\/labarraca1912.es\/#\/schema\/logo\/image\/","url":"https:\/\/labarraca1912.es\/wp-content\/uploads\/2019\/06\/logo-labarraca.png","contentUrl":"https:\/\/labarraca1912.es\/wp-content\/uploads\/2019\/06\/logo-labarraca.png","width":2917,"height":1809,"caption":"La Barraca 1912 Alimentacion"},"image":{"@id":"https:\/\/labarraca1912.es\/#\/schema\/logo\/image\/"}},{"@type":"Person","@id":"https:\/\/labarraca1912.es\/#\/schema\/person\/4b10d6474ad3b3d53e0d88b3fd28cace","name":"Marcelo Alted","image":{"@type":"ImageObject","inLanguage":"pt-PT","@id":"https:\/\/secure.gravatar.com\/avatar\/74db7b044acbe8046c5bad225157a0a7257e9aea14679bfe085b87240b10ae56?s=96&d=mm&r=g","url":"https:\/\/secure.gravatar.com\/avatar\/74db7b044acbe8046c5bad225157a0a7257e9aea14679bfe085b87240b10ae56?s=96&d=mm&r=g","contentUrl":"https:\/\/secure.gravatar.com\/avatar\/74db7b044acbe8046c5bad225157a0a7257e9aea14679bfe085b87240b10ae56?s=96&d=mm&r=g","caption":"Marcelo Alted"},"url":"https:\/\/labarraca1912.es\/pt\/author\/marcelo\/"}]}},"_links":{"self":[{"href":"https:\/\/labarraca1912.es\/pt\/wp-json\/wp\/v2\/posts\/14118","targetHints":{"allow":["GET"]}}],"collection":[{"href":"https:\/\/labarraca1912.es\/pt\/wp-json\/wp\/v2\/posts"}],"about":[{"href":"https:\/\/labarraca1912.es\/pt\/wp-json\/wp\/v2\/types\/post"}],"author":[{"embeddable":true,"href":"https:\/\/labarraca1912.es\/pt\/wp-json\/wp\/v2\/users\/2"}],"replies":[{"embeddable":true,"href":"https:\/\/labarraca1912.es\/pt\/wp-json\/wp\/v2\/comments?post=14118"}],"version-history":[{"count":0,"href":"https:\/\/labarraca1912.es\/pt\/wp-json\/wp\/v2\/posts\/14118\/revisions"}],"wp:featuredmedia":[{"embeddable":true,"href":"https:\/\/labarraca1912.es\/pt\/wp-json\/wp\/v2\/media\/14115"}],"wp:attachment":[{"href":"https:\/\/labarraca1912.es\/pt\/wp-json\/wp\/v2\/media?parent=14118"}],"wp:term":[{"taxonomy":"category","embeddable":true,"href":"https:\/\/labarraca1912.es\/pt\/wp-json\/wp\/v2\/categories?post=14118"},{"taxonomy":"post_tag","embeddable":true,"href":"https:\/\/labarraca1912.es\/pt\/wp-json\/wp\/v2\/tags?post=14118"}],"curies":[{"name":"wp","href":"https:\/\/api.w.org\/{rel}","templated":true}]}}