{"id":2526,"date":"2019-10-07T13:26:31","date_gmt":"2019-10-07T11:26:31","guid":{"rendered":"https:\/\/labarraca1912.es\/?p=2526"},"modified":"2019-10-07T13:35:25","modified_gmt":"2019-10-07T11:35:25","slug":"feria-anuga-2019","status":"publish","type":"post","link":"https:\/\/labarraca1912.es\/pt\/feria-anuga-2019\/","title":{"rendered":"Feria Anuga 2019"},"content":{"rendered":"<p><a href=\"https:\/\/www.facebook.com\/labarraca1912\/?__tn__=K-R&amp;eid=ARDqkmDXiVvFSY4-R50P8Z4rm063YzRIZKyVWxXxQQ7h1E9_ridTqcoN_XJQWYMZ3GIb8hGaPlHvdhxN&amp;fref=mentions&amp;__xts__%5B0%5D=68.ARC6kL52nQtaay6xeESbfSa0Psji-mrbWh1T2YQ2AzV190zzU7gVe-ZFSDURZIKwv_zgeSVakzaOvrYrhtnlVvQ8D2_ug50AyDLUaZqz6KW3aehMXzxCohgnLQtFTda6ow0o6z2d9NFb3ta-yJ8x1DLlBHepbpZCtWs3XwCnzCxYb5IRC5bnAH4UdVMeZpJYTxDSwVX4e_mazWzhqPNd1gP8X_F2yyzypz2TaM6LwVbzclL0Z-0O38nFDNHnpPPZ5YbrZBiby8qupYa5WjUF2Ppgrv8mbJOWxpAE6jxmpJzmo4X2AMINNeXOpJNu6a3YC4fU4WccDVxq0a_LYPttSN2ZTKX9R7vRPeF9Z1p5pOvc_TS-wxPXxSc-r1GCdmihKOPmLCjuGhwdd3PHdjAebNZMup2Ktk53aHvKMoaHFoIpX4mwofs\" target=\"_blank\" rel=\"noopener\">La Barraca Alimentaci\u00f3n<\/a>\u00a0se encuentra exponiendo sus productos y \u00faltimas novedades en\u00a0<a href=\"https:\/\/www.anuga.com\" target=\"_blank\" rel=\"noopener\">Anuga<\/a>, la feria m\u00e1s grande y la m\u00e1s importante del mundo de alimentos y bebidas.<\/p>\n\n\n\n<p>Visite nuestro Stand hasta el pr\u00f3ximo mi\u00e9rcoles 9 de octubre,\u00a0Hall 11.1 &#8211; Stand A030. En <a href=\"https:\/\/www.anuga.com\/\" target=\"_blank\" rel=\"noopener\">Anuga<\/a> encontrar\u00e1s a las principales empresas de la industria nacional e internacional de alimentos y bebidas, que te presentar\u00e1n las \u00faltimas tendencias reflejadas en sus productos <\/p>\n\n\n\n<p><\/p>\n\n\n\n<p><\/p>\n\n\n\n<div class=\"wp-block-jetpack-tiled-gallery aligncenter is-style-rectangular\"><div class=\"tiled-gallery__gallery\"><div class=\"tiled-gallery__row\"><div class=\"tiled-gallery__col\"><figure class=\"tiled-gallery__item\"><img decoding=\"async\" alt=\"\" data-height=\"1196\" data-id=\"2530\" data-link=\"https:\/\/labarraca1912.es\/feria-anuga-2019\/img-20191007-wa0001\/\" data-url=\"https:\/\/labarraca1912.es\/wp-content\/uploads\/2019\/10\/IMG-20191007-WA0001.jpg\" data-width=\"1600\" src=\"https:\/\/i2.wp.com\/labarraca1912.es\/wp-content\/uploads\/2019\/10\/IMG-20191007-WA0001.jpg?ssl=1\"\/><\/figure><\/div><div class=\"tiled-gallery__col\"><figure class=\"tiled-gallery__item\"><img decoding=\"async\" alt=\"\" data-height=\"1196\" data-id=\"2532\" data-link=\"https:\/\/labarraca1912.es\/feria-anuga-2019\/img-20191007-wa0005\/\" data-url=\"https:\/\/labarraca1912.es\/wp-content\/uploads\/2019\/10\/IMG-20191007-WA0005.jpg\" data-width=\"1600\" src=\"https:\/\/i1.wp.com\/labarraca1912.es\/wp-content\/uploads\/2019\/10\/IMG-20191007-WA0005.jpg?ssl=1\"\/><\/figure><figure class=\"tiled-gallery__item\"><img decoding=\"async\" alt=\"\" data-height=\"1196\" data-id=\"2533\" data-link=\"https:\/\/labarraca1912.es\/feria-anuga-2019\/img-20191007-wa0008\/\" data-url=\"https:\/\/labarraca1912.es\/wp-content\/uploads\/2019\/10\/IMG-20191007-WA0008.jpg\" data-width=\"1600\" src=\"https:\/\/i2.wp.com\/labarraca1912.es\/wp-content\/uploads\/2019\/10\/IMG-20191007-WA0008.jpg?ssl=1\"\/><\/figure><\/div><\/div><div class=\"tiled-gallery__row\"><div class=\"tiled-gallery__col\"><figure class=\"tiled-gallery__item\"><img decoding=\"async\" alt=\"\" data-height=\"1196\" data-id=\"2535\" data-link=\"https:\/\/labarraca1912.es\/feria-anuga-2019\/img-20191007-wa0011\/\" data-url=\"https:\/\/labarraca1912.es\/wp-content\/uploads\/2019\/10\/IMG-20191007-WA0011.jpg\" data-width=\"1600\" src=\"https:\/\/i2.wp.com\/labarraca1912.es\/wp-content\/uploads\/2019\/10\/IMG-20191007-WA0011.jpg?ssl=1\"\/><\/figure><\/div><div class=\"tiled-gallery__col\"><figure class=\"tiled-gallery__item\"><img decoding=\"async\" alt=\"\" data-height=\"1600\" data-id=\"2527\" data-link=\"https:\/\/labarraca1912.es\/?attachment_id=2527\" data-url=\"https:\/\/labarraca1912.es\/wp-content\/uploads\/2019\/10\/IMG-20191007-WA0009.jpg\" data-width=\"1005\" src=\"https:\/\/i0.wp.com\/labarraca1912.es\/wp-content\/uploads\/2019\/10\/IMG-20191007-WA0009.jpg?ssl=1\"\/><\/figure><\/div><\/div><div class=\"tiled-gallery__row\"><div class=\"tiled-gallery__col\"><figure class=\"tiled-gallery__item\"><img decoding=\"async\" alt=\"\" data-height=\"1600\" data-id=\"2538\" data-link=\"https:\/\/labarraca1912.es\/feria-anuga-2019\/img-20191007-wa0006\/\" data-url=\"https:\/\/labarraca1912.es\/wp-content\/uploads\/2019\/10\/IMG-20191007-WA0006.jpg\" data-width=\"1196\" src=\"https:\/\/i0.wp.com\/labarraca1912.es\/wp-content\/uploads\/2019\/10\/IMG-20191007-WA0006.jpg?ssl=1\"\/><\/figure><\/div><div class=\"tiled-gallery__col\"><figure class=\"tiled-gallery__item\"><img decoding=\"async\" alt=\"\" data-height=\"1600\" data-id=\"2540\" data-link=\"https:\/\/labarraca1912.es\/feria-anuga-2019\/img-20191007-wa0002\/\" data-url=\"https:\/\/labarraca1912.es\/wp-content\/uploads\/2019\/10\/IMG-20191007-WA0002.jpg\" data-width=\"1196\" src=\"https:\/\/i1.wp.com\/labarraca1912.es\/wp-content\/uploads\/2019\/10\/IMG-20191007-WA0002.jpg?ssl=1\"\/><\/figure><\/div><div class=\"tiled-gallery__col\"><figure class=\"tiled-gallery__item\"><img decoding=\"async\" alt=\"\" data-height=\"1600\" data-id=\"2541\" data-link=\"https:\/\/labarraca1912.es\/feria-anuga-2019\/img-20191007-wa0010-1\/\" data-url=\"https:\/\/labarraca1912.es\/wp-content\/uploads\/2019\/10\/IMG-20191007-WA0010-1.jpg\" data-width=\"1196\" src=\"https:\/\/i1.wp.com\/labarraca1912.es\/wp-content\/uploads\/2019\/10\/IMG-20191007-WA0010-1.jpg?ssl=1\"\/><\/figure><\/div><\/div><\/div><\/div>","protected":false},"excerpt":{"rendered":"<p>La Barraca Alimentaci\u00f3n\u00a0se encuentra exponiendo sus productos y \u00faltimas novedades en\u00a0Anuga, la feria m\u00e1s grande y la m\u00e1s importante del mundo de alimentos y bebidas. Visite nuestro Stand hasta el pr\u00f3ximo mi\u00e9rcoles 9 de octubre,\u00a0Hall 11.1 &#8211; Stand A030. En Anuga encontrar\u00e1s a las principales empresas de la industria nacional e internacional de alimentos y [&hellip;]<\/p>\n","protected":false},"author":2,"featured_media":2527,"comment_status":"open","ping_status":"open","sticky":false,"template":"","format":"standard","meta":{"_et_pb_use_builder":"off","_et_pb_old_content":"","_et_gb_content_width":"","footnotes":""},"categories":[1],"tags":[],"class_list":["post-2526","post","type-post","status-publish","format-standard","has-post-thumbnail","hentry","category-dudas-especias"],"yoast_head":"<!-- This site is optimized with the Yoast SEO plugin v27.4 - https:\/\/yoast.com\/product\/yoast-seo-wordpress\/ -->\n<title>La Barraca Alimentaci\u00f3n - La Casa del Sabor<\/title>\n<meta name=\"description\" content=\"Una de las marcas con mayor tradici\u00f3n y prestigio entre las empresas especializadas en especias, hierbas y condimentos de Espa\u00f1a.\" \/>\n<meta name=\"robots\" content=\"index, follow, max-snippet:-1, max-image-preview:large, max-video-preview:-1\" \/>\n<link rel=\"canonical\" href=\"https:\/\/labarraca1912.es\/pt\/feria-anuga-2019\/\" \/>\n<meta property=\"og:locale\" content=\"pt_PT\" \/>\n<meta property=\"og:type\" content=\"article\" \/>\n<meta property=\"og:title\" content=\"La Barraca Alimentaci\u00f3n - La Casa del Sabor\" \/>\n<meta property=\"og:description\" content=\"Una de las marcas con mayor tradici\u00f3n y prestigio entre las empresas especializadas en especias, hierbas y condimentos de Espa\u00f1a.\" \/>\n<meta property=\"og:url\" content=\"https:\/\/labarraca1912.es\/pt\/feria-anuga-2019\/\" \/>\n<meta property=\"og:site_name\" content=\"La Barraca\" \/>\n<meta property=\"article:published_time\" content=\"2019-10-07T11:26:31+00:00\" \/>\n<meta property=\"article:modified_time\" content=\"2019-10-07T11:35:25+00:00\" \/>\n<meta property=\"og:image\" content=\"https:\/\/labarraca1912.es\/wp-content\/uploads\/2019\/10\/IMG-20191007-WA0009.jpg\" \/>\n\t<meta property=\"og:image:width\" content=\"1005\" \/>\n\t<meta property=\"og:image:height\" content=\"1600\" \/>\n\t<meta property=\"og:image:type\" content=\"image\/jpeg\" \/>\n<meta name=\"author\" content=\"Marcelo Alted\" \/>\n<meta name=\"twitter:card\" content=\"summary_large_image\" \/>\n<meta name=\"twitter:label1\" content=\"Escrito por\" \/>\n\t<meta name=\"twitter:data1\" content=\"Marcelo Alted\" \/>\n<script type=\"application\/ld+json\" class=\"yoast-schema-graph\">{\"@context\":\"https:\\\/\\\/schema.org\",\"@graph\":[{\"@type\":\"Article\",\"@id\":\"https:\\\/\\\/labarraca1912.es\\\/feria-anuga-2019\\\/#article\",\"isPartOf\":{\"@id\":\"https:\\\/\\\/labarraca1912.es\\\/feria-anuga-2019\\\/\"},\"author\":{\"name\":\"Marcelo Alted\",\"@id\":\"https:\\\/\\\/labarraca1912.es\\\/#\\\/schema\\\/person\\\/4b10d6474ad3b3d53e0d88b3fd28cace\"},\"headline\":\"Feria Anuga 2019\",\"datePublished\":\"2019-10-07T11:26:31+00:00\",\"dateModified\":\"2019-10-07T11:35:25+00:00\",\"mainEntityOfPage\":{\"@id\":\"https:\\\/\\\/labarraca1912.es\\\/feria-anuga-2019\\\/\"},\"wordCount\":76,\"commentCount\":0,\"publisher\":{\"@id\":\"https:\\\/\\\/labarraca1912.es\\\/#organization\"},\"image\":{\"@id\":\"https:\\\/\\\/labarraca1912.es\\\/feria-anuga-2019\\\/#primaryimage\"},\"thumbnailUrl\":\"https:\\\/\\\/labarraca1912.es\\\/wp-content\\\/uploads\\\/2019\\\/10\\\/IMG-20191007-WA0009.jpg\",\"articleSection\":[\"Dudas sobre las especias\"],\"inLanguage\":\"pt-PT\",\"potentialAction\":[{\"@type\":\"CommentAction\",\"name\":\"Comment\",\"target\":[\"https:\\\/\\\/labarraca1912.es\\\/feria-anuga-2019\\\/#respond\"]}]},{\"@type\":\"WebPage\",\"@id\":\"https:\\\/\\\/labarraca1912.es\\\/feria-anuga-2019\\\/\",\"url\":\"https:\\\/\\\/labarraca1912.es\\\/feria-anuga-2019\\\/\",\"name\":\"La Barraca Alimentaci\u00f3n - La Casa del Sabor\",\"isPartOf\":{\"@id\":\"https:\\\/\\\/labarraca1912.es\\\/#website\"},\"primaryImageOfPage\":{\"@id\":\"https:\\\/\\\/labarraca1912.es\\\/feria-anuga-2019\\\/#primaryimage\"},\"image\":{\"@id\":\"https:\\\/\\\/labarraca1912.es\\\/feria-anuga-2019\\\/#primaryimage\"},\"thumbnailUrl\":\"https:\\\/\\\/labarraca1912.es\\\/wp-content\\\/uploads\\\/2019\\\/10\\\/IMG-20191007-WA0009.jpg\",\"datePublished\":\"2019-10-07T11:26:31+00:00\",\"dateModified\":\"2019-10-07T11:35:25+00:00\",\"description\":\"Una de las marcas con mayor tradici\u00f3n y prestigio entre las empresas especializadas en especias, hierbas y condimentos de Espa\u00f1a.\",\"breadcrumb\":{\"@id\":\"https:\\\/\\\/labarraca1912.es\\\/feria-anuga-2019\\\/#breadcrumb\"},\"inLanguage\":\"pt-PT\",\"potentialAction\":[{\"@type\":\"ReadAction\",\"target\":[\"https:\\\/\\\/labarraca1912.es\\\/feria-anuga-2019\\\/\"]}]},{\"@type\":\"ImageObject\",\"inLanguage\":\"pt-PT\",\"@id\":\"https:\\\/\\\/labarraca1912.es\\\/feria-anuga-2019\\\/#primaryimage\",\"url\":\"https:\\\/\\\/labarraca1912.es\\\/wp-content\\\/uploads\\\/2019\\\/10\\\/IMG-20191007-WA0009.jpg\",\"contentUrl\":\"https:\\\/\\\/labarraca1912.es\\\/wp-content\\\/uploads\\\/2019\\\/10\\\/IMG-20191007-WA0009.jpg\",\"width\":1005,\"height\":1600,\"caption\":\"Anuga 2019\"},{\"@type\":\"BreadcrumbList\",\"@id\":\"https:\\\/\\\/labarraca1912.es\\\/feria-anuga-2019\\\/#breadcrumb\",\"itemListElement\":[{\"@type\":\"ListItem\",\"position\":1,\"name\":\"La Barraca\",\"item\":\"https:\\\/\\\/labarraca1912.es\\\/\"},{\"@type\":\"ListItem\",\"position\":2,\"name\":\"Feria Anuga 2019\"}]},{\"@type\":\"WebSite\",\"@id\":\"https:\\\/\\\/labarraca1912.es\\\/#website\",\"url\":\"https:\\\/\\\/labarraca1912.es\\\/\",\"name\":\"La Barraca\",\"description\":\"La Casa del Sabor\",\"publisher\":{\"@id\":\"https:\\\/\\\/labarraca1912.es\\\/#organization\"},\"potentialAction\":[{\"@type\":\"SearchAction\",\"target\":{\"@type\":\"EntryPoint\",\"urlTemplate\":\"https:\\\/\\\/labarraca1912.es\\\/?s={search_term_string}\"},\"query-input\":{\"@type\":\"PropertyValueSpecification\",\"valueRequired\":true,\"valueName\":\"search_term_string\"}}],\"inLanguage\":\"pt-PT\"},{\"@type\":\"Organization\",\"@id\":\"https:\\\/\\\/labarraca1912.es\\\/#organization\",\"name\":\"La Barraca 1912 Alimentacion\",\"url\":\"https:\\\/\\\/labarraca1912.es\\\/\",\"logo\":{\"@type\":\"ImageObject\",\"inLanguage\":\"pt-PT\",\"@id\":\"https:\\\/\\\/labarraca1912.es\\\/#\\\/schema\\\/logo\\\/image\\\/\",\"url\":\"https:\\\/\\\/labarraca1912.es\\\/wp-content\\\/uploads\\\/2019\\\/06\\\/logo-labarraca.png\",\"contentUrl\":\"https:\\\/\\\/labarraca1912.es\\\/wp-content\\\/uploads\\\/2019\\\/06\\\/logo-labarraca.png\",\"width\":2917,\"height\":1809,\"caption\":\"La Barraca 1912 Alimentacion\"},\"image\":{\"@id\":\"https:\\\/\\\/labarraca1912.es\\\/#\\\/schema\\\/logo\\\/image\\\/\"}},{\"@type\":\"Person\",\"@id\":\"https:\\\/\\\/labarraca1912.es\\\/#\\\/schema\\\/person\\\/4b10d6474ad3b3d53e0d88b3fd28cace\",\"name\":\"Marcelo Alted\",\"image\":{\"@type\":\"ImageObject\",\"inLanguage\":\"pt-PT\",\"@id\":\"https:\\\/\\\/secure.gravatar.com\\\/avatar\\\/74db7b044acbe8046c5bad225157a0a7257e9aea14679bfe085b87240b10ae56?s=96&d=mm&r=g\",\"url\":\"https:\\\/\\\/secure.gravatar.com\\\/avatar\\\/74db7b044acbe8046c5bad225157a0a7257e9aea14679bfe085b87240b10ae56?s=96&d=mm&r=g\",\"contentUrl\":\"https:\\\/\\\/secure.gravatar.com\\\/avatar\\\/74db7b044acbe8046c5bad225157a0a7257e9aea14679bfe085b87240b10ae56?s=96&d=mm&r=g\",\"caption\":\"Marcelo Alted\"},\"url\":\"https:\\\/\\\/labarraca1912.es\\\/pt\\\/author\\\/marcelo\\\/\"}]}<\/script>\n<!-- \/ Yoast SEO plugin. -->","yoast_head_json":{"title":"La Barraca Alimentaci\u00f3n - La Casa del Sabor","description":"Una de las marcas con mayor tradici\u00f3n y prestigio entre las empresas especializadas en especias, hierbas y condimentos de Espa\u00f1a.","robots":{"index":"index","follow":"follow","max-snippet":"max-snippet:-1","max-image-preview":"max-image-preview:large","max-video-preview":"max-video-preview:-1"},"canonical":"https:\/\/labarraca1912.es\/pt\/feria-anuga-2019\/","og_locale":"pt_PT","og_type":"article","og_title":"La Barraca Alimentaci\u00f3n - La Casa del Sabor","og_description":"Una de las marcas con mayor tradici\u00f3n y prestigio entre las empresas especializadas en especias, hierbas y condimentos de Espa\u00f1a.","og_url":"https:\/\/labarraca1912.es\/pt\/feria-anuga-2019\/","og_site_name":"La Barraca","article_published_time":"2019-10-07T11:26:31+00:00","article_modified_time":"2019-10-07T11:35:25+00:00","og_image":[{"width":1005,"height":1600,"url":"https:\/\/labarraca1912.es\/wp-content\/uploads\/2019\/10\/IMG-20191007-WA0009.jpg","type":"image\/jpeg"}],"author":"Marcelo Alted","twitter_card":"summary_large_image","twitter_misc":{"Escrito por":"Marcelo Alted"},"schema":{"@context":"https:\/\/schema.org","@graph":[{"@type":"Article","@id":"https:\/\/labarraca1912.es\/feria-anuga-2019\/#article","isPartOf":{"@id":"https:\/\/labarraca1912.es\/feria-anuga-2019\/"},"author":{"name":"Marcelo Alted","@id":"https:\/\/labarraca1912.es\/#\/schema\/person\/4b10d6474ad3b3d53e0d88b3fd28cace"},"headline":"Feria Anuga 2019","datePublished":"2019-10-07T11:26:31+00:00","dateModified":"2019-10-07T11:35:25+00:00","mainEntityOfPage":{"@id":"https:\/\/labarraca1912.es\/feria-anuga-2019\/"},"wordCount":76,"commentCount":0,"publisher":{"@id":"https:\/\/labarraca1912.es\/#organization"},"image":{"@id":"https:\/\/labarraca1912.es\/feria-anuga-2019\/#primaryimage"},"thumbnailUrl":"https:\/\/labarraca1912.es\/wp-content\/uploads\/2019\/10\/IMG-20191007-WA0009.jpg","articleSection":["Dudas sobre las especias"],"inLanguage":"pt-PT","potentialAction":[{"@type":"CommentAction","name":"Comment","target":["https:\/\/labarraca1912.es\/feria-anuga-2019\/#respond"]}]},{"@type":"WebPage","@id":"https:\/\/labarraca1912.es\/feria-anuga-2019\/","url":"https:\/\/labarraca1912.es\/feria-anuga-2019\/","name":"La Barraca Alimentaci\u00f3n - La Casa del Sabor","isPartOf":{"@id":"https:\/\/labarraca1912.es\/#website"},"primaryImageOfPage":{"@id":"https:\/\/labarraca1912.es\/feria-anuga-2019\/#primaryimage"},"image":{"@id":"https:\/\/labarraca1912.es\/feria-anuga-2019\/#primaryimage"},"thumbnailUrl":"https:\/\/labarraca1912.es\/wp-content\/uploads\/2019\/10\/IMG-20191007-WA0009.jpg","datePublished":"2019-10-07T11:26:31+00:00","dateModified":"2019-10-07T11:35:25+00:00","description":"Una de las marcas con mayor tradici\u00f3n y prestigio entre las empresas especializadas en especias, hierbas y condimentos de Espa\u00f1a.","breadcrumb":{"@id":"https:\/\/labarraca1912.es\/feria-anuga-2019\/#breadcrumb"},"inLanguage":"pt-PT","potentialAction":[{"@type":"ReadAction","target":["https:\/\/labarraca1912.es\/feria-anuga-2019\/"]}]},{"@type":"ImageObject","inLanguage":"pt-PT","@id":"https:\/\/labarraca1912.es\/feria-anuga-2019\/#primaryimage","url":"https:\/\/labarraca1912.es\/wp-content\/uploads\/2019\/10\/IMG-20191007-WA0009.jpg","contentUrl":"https:\/\/labarraca1912.es\/wp-content\/uploads\/2019\/10\/IMG-20191007-WA0009.jpg","width":1005,"height":1600,"caption":"Anuga 2019"},{"@type":"BreadcrumbList","@id":"https:\/\/labarraca1912.es\/feria-anuga-2019\/#breadcrumb","itemListElement":[{"@type":"ListItem","position":1,"name":"La Barraca","item":"https:\/\/labarraca1912.es\/"},{"@type":"ListItem","position":2,"name":"Feria Anuga 2019"}]},{"@type":"WebSite","@id":"https:\/\/labarraca1912.es\/#website","url":"https:\/\/labarraca1912.es\/","name":"La Barraca","description":"La Casa del Sabor","publisher":{"@id":"https:\/\/labarraca1912.es\/#organization"},"potentialAction":[{"@type":"SearchAction","target":{"@type":"EntryPoint","urlTemplate":"https:\/\/labarraca1912.es\/?s={search_term_string}"},"query-input":{"@type":"PropertyValueSpecification","valueRequired":true,"valueName":"search_term_string"}}],"inLanguage":"pt-PT"},{"@type":"Organization","@id":"https:\/\/labarraca1912.es\/#organization","name":"La Barraca 1912 Alimentacion","url":"https:\/\/labarraca1912.es\/","logo":{"@type":"ImageObject","inLanguage":"pt-PT","@id":"https:\/\/labarraca1912.es\/#\/schema\/logo\/image\/","url":"https:\/\/labarraca1912.es\/wp-content\/uploads\/2019\/06\/logo-labarraca.png","contentUrl":"https:\/\/labarraca1912.es\/wp-content\/uploads\/2019\/06\/logo-labarraca.png","width":2917,"height":1809,"caption":"La Barraca 1912 Alimentacion"},"image":{"@id":"https:\/\/labarraca1912.es\/#\/schema\/logo\/image\/"}},{"@type":"Person","@id":"https:\/\/labarraca1912.es\/#\/schema\/person\/4b10d6474ad3b3d53e0d88b3fd28cace","name":"Marcelo Alted","image":{"@type":"ImageObject","inLanguage":"pt-PT","@id":"https:\/\/secure.gravatar.com\/avatar\/74db7b044acbe8046c5bad225157a0a7257e9aea14679bfe085b87240b10ae56?s=96&d=mm&r=g","url":"https:\/\/secure.gravatar.com\/avatar\/74db7b044acbe8046c5bad225157a0a7257e9aea14679bfe085b87240b10ae56?s=96&d=mm&r=g","contentUrl":"https:\/\/secure.gravatar.com\/avatar\/74db7b044acbe8046c5bad225157a0a7257e9aea14679bfe085b87240b10ae56?s=96&d=mm&r=g","caption":"Marcelo Alted"},"url":"https:\/\/labarraca1912.es\/pt\/author\/marcelo\/"}]}},"_links":{"self":[{"href":"https:\/\/labarraca1912.es\/pt\/wp-json\/wp\/v2\/posts\/2526","targetHints":{"allow":["GET"]}}],"collection":[{"href":"https:\/\/labarraca1912.es\/pt\/wp-json\/wp\/v2\/posts"}],"about":[{"href":"https:\/\/labarraca1912.es\/pt\/wp-json\/wp\/v2\/types\/post"}],"author":[{"embeddable":true,"href":"https:\/\/labarraca1912.es\/pt\/wp-json\/wp\/v2\/users\/2"}],"replies":[{"embeddable":true,"href":"https:\/\/labarraca1912.es\/pt\/wp-json\/wp\/v2\/comments?post=2526"}],"version-history":[{"count":0,"href":"https:\/\/labarraca1912.es\/pt\/wp-json\/wp\/v2\/posts\/2526\/revisions"}],"wp:featuredmedia":[{"embeddable":true,"href":"https:\/\/labarraca1912.es\/pt\/wp-json\/wp\/v2\/media\/2527"}],"wp:attachment":[{"href":"https:\/\/labarraca1912.es\/pt\/wp-json\/wp\/v2\/media?parent=2526"}],"wp:term":[{"taxonomy":"category","embeddable":true,"href":"https:\/\/labarraca1912.es\/pt\/wp-json\/wp\/v2\/categories?post=2526"},{"taxonomy":"post_tag","embeddable":true,"href":"https:\/\/labarraca1912.es\/pt\/wp-json\/wp\/v2\/tags?post=2526"}],"curies":[{"name":"wp","href":"https:\/\/api.w.org\/{rel}","templated":true}]}}