{"id":4868,"date":"2020-04-17T10:32:37","date_gmt":"2020-04-17T08:32:37","guid":{"rendered":"https:\/\/labarraca1912.es\/?p=4868"},"modified":"2020-04-17T10:33:12","modified_gmt":"2020-04-17T08:33:12","slug":"la-barraca-alimentacion-dona-lotes-de-productos-a-ifema","status":"publish","type":"post","link":"https:\/\/labarraca1912.es\/pt\/la-barraca-alimentacion-dona-lotes-de-productos-a-ifema\/","title":{"rendered":"La Barraca Alimentaci\u00f3n dona lotes de productos a IFEMA"},"content":{"rendered":"<p>Esta es la primera donaci\u00f3n que ha realizado<strong>&nbsp;La Barraca Alimentaci\u00f3n<\/strong>, una marca noveldense con gran tradici\u00f3n y prestigio entre las empresas especializadas en especias, hierbas y condimentos en Espa\u00f1a. La empresa fue fundada en&nbsp;<strong>1912,<\/strong>&nbsp;y actualmente se encuentra con la tercera generaci\u00f3n familiar al frente. Especializada en el envasado de hierbas, especias y condimentos.<\/p>\n\n\n\n<p>Con la crisis ocasionada por el&nbsp;<strong>COVID-19,<\/strong>&nbsp;esta compa\u00f1\u00eda ha decidido aportar su granito de arena donando 5 pal\u00e9s con unas&nbsp;<strong>250.000 dosis de az\u00facar, edulcorante y caf\u00e9 normal y descafeinado&nbsp;<\/strong>al hospital que se ha levantado en el recinto ferial de&nbsp;<strong>IFEMA<\/strong>, en Madrid.<\/p>\n\n\n\n<p>Desde La Barraca son conscientes de la crisis ocasionada por el coronavirus y contin\u00faan trabajando con las oportunas medidas sanitarias como la utilizaci\u00f3n de guantes y mascarillas adem\u00e1s del correcto uso del l\u00edquido hidroalcoh\u00f3lico.<\/p>\n\n\n\n<p><\/p>\n\n\n\n<p><\/p>\n\n\n\n<figure class=\"wp-block-gallery columns-3 is-cropped wp-block-gallery-1 is-layout-flex wp-block-gallery-is-layout-flex\"><ul class=\"blocks-gallery-grid\"><li class=\"blocks-gallery-item\"><figure><img decoding=\"async\" width=\"768\" height=\"1024\" src=\"https:\/\/labarraca1912.es\/wp-content\/uploads\/2020\/04\/IMG-20200403-WA0006-768x1024.jpg\" alt=\"\" data-id=\"4870\" data-full-url=\"https:\/\/labarraca1912.es\/wp-content\/uploads\/2020\/04\/IMG-20200403-WA0006.jpg\" data-link=\"https:\/\/labarraca1912.es\/?attachment_id=4870\" class=\"wp-image-4870\"\/><\/figure><\/li><li class=\"blocks-gallery-item\"><figure><img decoding=\"async\" width=\"628\" height=\"1024\" src=\"https:\/\/labarraca1912.es\/wp-content\/uploads\/2020\/04\/IMG-20200403-WA0007-628x1024.jpg\" alt=\"\" data-id=\"4871\" data-full-url=\"https:\/\/labarraca1912.es\/wp-content\/uploads\/2020\/04\/IMG-20200403-WA0007.jpg\" data-link=\"https:\/\/labarraca1912.es\/?attachment_id=4871\" class=\"wp-image-4871\"\/><\/figure><\/li><li class=\"blocks-gallery-item\"><figure><img decoding=\"async\" width=\"768\" height=\"1024\" src=\"https:\/\/labarraca1912.es\/wp-content\/uploads\/2020\/04\/IMG-20200403-WA0009-768x1024.jpg\" alt=\"\" data-id=\"4872\" data-full-url=\"https:\/\/labarraca1912.es\/wp-content\/uploads\/2020\/04\/IMG-20200403-WA0009.jpg\" data-link=\"https:\/\/labarraca1912.es\/?attachment_id=4872\" class=\"wp-image-4872\"\/><\/figure><\/li><\/ul><\/figure>","protected":false},"excerpt":{"rendered":"<p>Esta es la primera donaci\u00f3n que ha realizado&nbsp;La Barraca Alimentaci\u00f3n, una marca noveldense con gran tradici\u00f3n y prestigio entre las empresas especializadas en especias, hierbas y condimentos en Espa\u00f1a. La empresa fue fundada en&nbsp;1912,&nbsp;y actualmente se encuentra con la tercera generaci\u00f3n familiar al frente. Especializada en el envasado de hierbas, especias y condimentos. Con la [&hellip;]<\/p>\n","protected":false},"author":2,"featured_media":4869,"comment_status":"open","ping_status":"open","sticky":false,"template":"","format":"standard","meta":{"_et_pb_use_builder":"","_et_pb_old_content":"","_et_gb_content_width":"","footnotes":""},"categories":[1],"tags":[],"class_list":["post-4868","post","type-post","status-publish","format-standard","has-post-thumbnail","hentry","category-dudas-especias"],"yoast_head":"<!-- This site is optimized with the Yoast SEO plugin v27.4 - https:\/\/yoast.com\/product\/yoast-seo-wordpress\/ -->\n<title>La Barraca Alimentaci\u00f3n - La Casa del Sabor<\/title>\n<meta name=\"description\" content=\"Una de las marcas con mayor tradici\u00f3n y prestigio entre las empresas especializadas en especias, hierbas y condimentos de Espa\u00f1a.\" \/>\n<meta name=\"robots\" content=\"index, follow, max-snippet:-1, max-image-preview:large, max-video-preview:-1\" \/>\n<link rel=\"canonical\" href=\"https:\/\/labarraca1912.es\/pt\/la-barraca-alimentacion-dona-lotes-de-productos-a-ifema\/\" \/>\n<meta property=\"og:locale\" content=\"pt_PT\" \/>\n<meta property=\"og:type\" content=\"article\" \/>\n<meta property=\"og:title\" content=\"La Barraca Alimentaci\u00f3n - La Casa del Sabor\" \/>\n<meta property=\"og:description\" content=\"Una de las marcas con mayor tradici\u00f3n y prestigio entre las empresas especializadas en especias, hierbas y condimentos de Espa\u00f1a.\" \/>\n<meta property=\"og:url\" content=\"https:\/\/labarraca1912.es\/pt\/la-barraca-alimentacion-dona-lotes-de-productos-a-ifema\/\" \/>\n<meta property=\"og:site_name\" content=\"La Barraca\" \/>\n<meta property=\"article:published_time\" content=\"2020-04-17T08:32:37+00:00\" \/>\n<meta property=\"article:modified_time\" content=\"2020-04-17T08:33:12+00:00\" \/>\n<meta property=\"og:image\" content=\"https:\/\/labarraca1912.es\/wp-content\/uploads\/2020\/04\/Cartel-Palet-scaled.jpg\" \/>\n\t<meta property=\"og:image:width\" content=\"2560\" \/>\n\t<meta property=\"og:image:height\" content=\"1703\" \/>\n\t<meta property=\"og:image:type\" content=\"image\/jpeg\" \/>\n<meta name=\"author\" content=\"Marcelo Alted\" \/>\n<meta name=\"twitter:card\" content=\"summary_large_image\" \/>\n<meta name=\"twitter:label1\" content=\"Escrito por\" \/>\n\t<meta name=\"twitter:data1\" content=\"Marcelo Alted\" \/>\n\t<meta name=\"twitter:label2\" content=\"Tempo estimado de leitura\" \/>\n\t<meta name=\"twitter:data2\" content=\"1 minuto\" \/>\n<script type=\"application\/ld+json\" class=\"yoast-schema-graph\">{\"@context\":\"https:\\\/\\\/schema.org\",\"@graph\":[{\"@type\":\"Article\",\"@id\":\"https:\\\/\\\/labarraca1912.es\\\/la-barraca-alimentacion-dona-lotes-de-productos-a-ifema\\\/#article\",\"isPartOf\":{\"@id\":\"https:\\\/\\\/labarraca1912.es\\\/la-barraca-alimentacion-dona-lotes-de-productos-a-ifema\\\/\"},\"author\":{\"name\":\"Marcelo Alted\",\"@id\":\"https:\\\/\\\/labarraca1912.es\\\/#\\\/schema\\\/person\\\/4b10d6474ad3b3d53e0d88b3fd28cace\"},\"headline\":\"La Barraca Alimentaci\u00f3n dona lotes de productos a IFEMA\",\"datePublished\":\"2020-04-17T08:32:37+00:00\",\"dateModified\":\"2020-04-17T08:33:12+00:00\",\"mainEntityOfPage\":{\"@id\":\"https:\\\/\\\/labarraca1912.es\\\/la-barraca-alimentacion-dona-lotes-de-productos-a-ifema\\\/\"},\"wordCount\":163,\"commentCount\":0,\"publisher\":{\"@id\":\"https:\\\/\\\/labarraca1912.es\\\/#organization\"},\"image\":{\"@id\":\"https:\\\/\\\/labarraca1912.es\\\/la-barraca-alimentacion-dona-lotes-de-productos-a-ifema\\\/#primaryimage\"},\"thumbnailUrl\":\"https:\\\/\\\/labarraca1912.es\\\/wp-content\\\/uploads\\\/2020\\\/04\\\/Cartel-Palet-scaled.jpg\",\"articleSection\":[\"Dudas sobre las especias\"],\"inLanguage\":\"pt-PT\",\"potentialAction\":[{\"@type\":\"CommentAction\",\"name\":\"Comment\",\"target\":[\"https:\\\/\\\/labarraca1912.es\\\/la-barraca-alimentacion-dona-lotes-de-productos-a-ifema\\\/#respond\"]}]},{\"@type\":\"WebPage\",\"@id\":\"https:\\\/\\\/labarraca1912.es\\\/la-barraca-alimentacion-dona-lotes-de-productos-a-ifema\\\/\",\"url\":\"https:\\\/\\\/labarraca1912.es\\\/la-barraca-alimentacion-dona-lotes-de-productos-a-ifema\\\/\",\"name\":\"La Barraca Alimentaci\u00f3n - La Casa del Sabor\",\"isPartOf\":{\"@id\":\"https:\\\/\\\/labarraca1912.es\\\/#website\"},\"primaryImageOfPage\":{\"@id\":\"https:\\\/\\\/labarraca1912.es\\\/la-barraca-alimentacion-dona-lotes-de-productos-a-ifema\\\/#primaryimage\"},\"image\":{\"@id\":\"https:\\\/\\\/labarraca1912.es\\\/la-barraca-alimentacion-dona-lotes-de-productos-a-ifema\\\/#primaryimage\"},\"thumbnailUrl\":\"https:\\\/\\\/labarraca1912.es\\\/wp-content\\\/uploads\\\/2020\\\/04\\\/Cartel-Palet-scaled.jpg\",\"datePublished\":\"2020-04-17T08:32:37+00:00\",\"dateModified\":\"2020-04-17T08:33:12+00:00\",\"description\":\"Una de las marcas con mayor tradici\u00f3n y prestigio entre las empresas especializadas en especias, hierbas y condimentos de Espa\u00f1a.\",\"breadcrumb\":{\"@id\":\"https:\\\/\\\/labarraca1912.es\\\/la-barraca-alimentacion-dona-lotes-de-productos-a-ifema\\\/#breadcrumb\"},\"inLanguage\":\"pt-PT\",\"potentialAction\":[{\"@type\":\"ReadAction\",\"target\":[\"https:\\\/\\\/labarraca1912.es\\\/la-barraca-alimentacion-dona-lotes-de-productos-a-ifema\\\/\"]}]},{\"@type\":\"ImageObject\",\"inLanguage\":\"pt-PT\",\"@id\":\"https:\\\/\\\/labarraca1912.es\\\/la-barraca-alimentacion-dona-lotes-de-productos-a-ifema\\\/#primaryimage\",\"url\":\"https:\\\/\\\/labarraca1912.es\\\/wp-content\\\/uploads\\\/2020\\\/04\\\/Cartel-Palet-scaled.jpg\",\"contentUrl\":\"https:\\\/\\\/labarraca1912.es\\\/wp-content\\\/uploads\\\/2020\\\/04\\\/Cartel-Palet-scaled.jpg\",\"width\":2560,\"height\":1703},{\"@type\":\"BreadcrumbList\",\"@id\":\"https:\\\/\\\/labarraca1912.es\\\/la-barraca-alimentacion-dona-lotes-de-productos-a-ifema\\\/#breadcrumb\",\"itemListElement\":[{\"@type\":\"ListItem\",\"position\":1,\"name\":\"La Barraca\",\"item\":\"https:\\\/\\\/labarraca1912.es\\\/\"},{\"@type\":\"ListItem\",\"position\":2,\"name\":\"La Barraca Alimentaci\u00f3n dona lotes de productos a IFEMA\"}]},{\"@type\":\"WebSite\",\"@id\":\"https:\\\/\\\/labarraca1912.es\\\/#website\",\"url\":\"https:\\\/\\\/labarraca1912.es\\\/\",\"name\":\"La Barraca\",\"description\":\"La Casa del Sabor\",\"publisher\":{\"@id\":\"https:\\\/\\\/labarraca1912.es\\\/#organization\"},\"potentialAction\":[{\"@type\":\"SearchAction\",\"target\":{\"@type\":\"EntryPoint\",\"urlTemplate\":\"https:\\\/\\\/labarraca1912.es\\\/?s={search_term_string}\"},\"query-input\":{\"@type\":\"PropertyValueSpecification\",\"valueRequired\":true,\"valueName\":\"search_term_string\"}}],\"inLanguage\":\"pt-PT\"},{\"@type\":\"Organization\",\"@id\":\"https:\\\/\\\/labarraca1912.es\\\/#organization\",\"name\":\"La Barraca 1912 Alimentacion\",\"url\":\"https:\\\/\\\/labarraca1912.es\\\/\",\"logo\":{\"@type\":\"ImageObject\",\"inLanguage\":\"pt-PT\",\"@id\":\"https:\\\/\\\/labarraca1912.es\\\/#\\\/schema\\\/logo\\\/image\\\/\",\"url\":\"https:\\\/\\\/labarraca1912.es\\\/wp-content\\\/uploads\\\/2019\\\/06\\\/logo-labarraca.png\",\"contentUrl\":\"https:\\\/\\\/labarraca1912.es\\\/wp-content\\\/uploads\\\/2019\\\/06\\\/logo-labarraca.png\",\"width\":2917,\"height\":1809,\"caption\":\"La Barraca 1912 Alimentacion\"},\"image\":{\"@id\":\"https:\\\/\\\/labarraca1912.es\\\/#\\\/schema\\\/logo\\\/image\\\/\"}},{\"@type\":\"Person\",\"@id\":\"https:\\\/\\\/labarraca1912.es\\\/#\\\/schema\\\/person\\\/4b10d6474ad3b3d53e0d88b3fd28cace\",\"name\":\"Marcelo Alted\",\"image\":{\"@type\":\"ImageObject\",\"inLanguage\":\"pt-PT\",\"@id\":\"https:\\\/\\\/secure.gravatar.com\\\/avatar\\\/74db7b044acbe8046c5bad225157a0a7257e9aea14679bfe085b87240b10ae56?s=96&d=mm&r=g\",\"url\":\"https:\\\/\\\/secure.gravatar.com\\\/avatar\\\/74db7b044acbe8046c5bad225157a0a7257e9aea14679bfe085b87240b10ae56?s=96&d=mm&r=g\",\"contentUrl\":\"https:\\\/\\\/secure.gravatar.com\\\/avatar\\\/74db7b044acbe8046c5bad225157a0a7257e9aea14679bfe085b87240b10ae56?s=96&d=mm&r=g\",\"caption\":\"Marcelo Alted\"},\"url\":\"https:\\\/\\\/labarraca1912.es\\\/pt\\\/author\\\/marcelo\\\/\"}]}<\/script>\n<!-- \/ Yoast SEO plugin. -->","yoast_head_json":{"title":"La Barraca Alimentaci\u00f3n - La Casa del Sabor","description":"Una de las marcas con mayor tradici\u00f3n y prestigio entre las empresas especializadas en especias, hierbas y condimentos de Espa\u00f1a.","robots":{"index":"index","follow":"follow","max-snippet":"max-snippet:-1","max-image-preview":"max-image-preview:large","max-video-preview":"max-video-preview:-1"},"canonical":"https:\/\/labarraca1912.es\/pt\/la-barraca-alimentacion-dona-lotes-de-productos-a-ifema\/","og_locale":"pt_PT","og_type":"article","og_title":"La Barraca Alimentaci\u00f3n - La Casa del Sabor","og_description":"Una de las marcas con mayor tradici\u00f3n y prestigio entre las empresas especializadas en especias, hierbas y condimentos de Espa\u00f1a.","og_url":"https:\/\/labarraca1912.es\/pt\/la-barraca-alimentacion-dona-lotes-de-productos-a-ifema\/","og_site_name":"La Barraca","article_published_time":"2020-04-17T08:32:37+00:00","article_modified_time":"2020-04-17T08:33:12+00:00","og_image":[{"width":2560,"height":1703,"url":"https:\/\/labarraca1912.es\/wp-content\/uploads\/2020\/04\/Cartel-Palet-scaled.jpg","type":"image\/jpeg"}],"author":"Marcelo Alted","twitter_card":"summary_large_image","twitter_misc":{"Escrito por":"Marcelo Alted","Tempo estimado de leitura":"1 minuto"},"schema":{"@context":"https:\/\/schema.org","@graph":[{"@type":"Article","@id":"https:\/\/labarraca1912.es\/la-barraca-alimentacion-dona-lotes-de-productos-a-ifema\/#article","isPartOf":{"@id":"https:\/\/labarraca1912.es\/la-barraca-alimentacion-dona-lotes-de-productos-a-ifema\/"},"author":{"name":"Marcelo Alted","@id":"https:\/\/labarraca1912.es\/#\/schema\/person\/4b10d6474ad3b3d53e0d88b3fd28cace"},"headline":"La Barraca Alimentaci\u00f3n dona lotes de productos a IFEMA","datePublished":"2020-04-17T08:32:37+00:00","dateModified":"2020-04-17T08:33:12+00:00","mainEntityOfPage":{"@id":"https:\/\/labarraca1912.es\/la-barraca-alimentacion-dona-lotes-de-productos-a-ifema\/"},"wordCount":163,"commentCount":0,"publisher":{"@id":"https:\/\/labarraca1912.es\/#organization"},"image":{"@id":"https:\/\/labarraca1912.es\/la-barraca-alimentacion-dona-lotes-de-productos-a-ifema\/#primaryimage"},"thumbnailUrl":"https:\/\/labarraca1912.es\/wp-content\/uploads\/2020\/04\/Cartel-Palet-scaled.jpg","articleSection":["Dudas sobre las especias"],"inLanguage":"pt-PT","potentialAction":[{"@type":"CommentAction","name":"Comment","target":["https:\/\/labarraca1912.es\/la-barraca-alimentacion-dona-lotes-de-productos-a-ifema\/#respond"]}]},{"@type":"WebPage","@id":"https:\/\/labarraca1912.es\/la-barraca-alimentacion-dona-lotes-de-productos-a-ifema\/","url":"https:\/\/labarraca1912.es\/la-barraca-alimentacion-dona-lotes-de-productos-a-ifema\/","name":"La Barraca Alimentaci\u00f3n - La Casa del Sabor","isPartOf":{"@id":"https:\/\/labarraca1912.es\/#website"},"primaryImageOfPage":{"@id":"https:\/\/labarraca1912.es\/la-barraca-alimentacion-dona-lotes-de-productos-a-ifema\/#primaryimage"},"image":{"@id":"https:\/\/labarraca1912.es\/la-barraca-alimentacion-dona-lotes-de-productos-a-ifema\/#primaryimage"},"thumbnailUrl":"https:\/\/labarraca1912.es\/wp-content\/uploads\/2020\/04\/Cartel-Palet-scaled.jpg","datePublished":"2020-04-17T08:32:37+00:00","dateModified":"2020-04-17T08:33:12+00:00","description":"Una de las marcas con mayor tradici\u00f3n y prestigio entre las empresas especializadas en especias, hierbas y condimentos de Espa\u00f1a.","breadcrumb":{"@id":"https:\/\/labarraca1912.es\/la-barraca-alimentacion-dona-lotes-de-productos-a-ifema\/#breadcrumb"},"inLanguage":"pt-PT","potentialAction":[{"@type":"ReadAction","target":["https:\/\/labarraca1912.es\/la-barraca-alimentacion-dona-lotes-de-productos-a-ifema\/"]}]},{"@type":"ImageObject","inLanguage":"pt-PT","@id":"https:\/\/labarraca1912.es\/la-barraca-alimentacion-dona-lotes-de-productos-a-ifema\/#primaryimage","url":"https:\/\/labarraca1912.es\/wp-content\/uploads\/2020\/04\/Cartel-Palet-scaled.jpg","contentUrl":"https:\/\/labarraca1912.es\/wp-content\/uploads\/2020\/04\/Cartel-Palet-scaled.jpg","width":2560,"height":1703},{"@type":"BreadcrumbList","@id":"https:\/\/labarraca1912.es\/la-barraca-alimentacion-dona-lotes-de-productos-a-ifema\/#breadcrumb","itemListElement":[{"@type":"ListItem","position":1,"name":"La Barraca","item":"https:\/\/labarraca1912.es\/"},{"@type":"ListItem","position":2,"name":"La Barraca Alimentaci\u00f3n dona lotes de productos a IFEMA"}]},{"@type":"WebSite","@id":"https:\/\/labarraca1912.es\/#website","url":"https:\/\/labarraca1912.es\/","name":"La Barraca","description":"La Casa del Sabor","publisher":{"@id":"https:\/\/labarraca1912.es\/#organization"},"potentialAction":[{"@type":"SearchAction","target":{"@type":"EntryPoint","urlTemplate":"https:\/\/labarraca1912.es\/?s={search_term_string}"},"query-input":{"@type":"PropertyValueSpecification","valueRequired":true,"valueName":"search_term_string"}}],"inLanguage":"pt-PT"},{"@type":"Organization","@id":"https:\/\/labarraca1912.es\/#organization","name":"La Barraca 1912 Alimentacion","url":"https:\/\/labarraca1912.es\/","logo":{"@type":"ImageObject","inLanguage":"pt-PT","@id":"https:\/\/labarraca1912.es\/#\/schema\/logo\/image\/","url":"https:\/\/labarraca1912.es\/wp-content\/uploads\/2019\/06\/logo-labarraca.png","contentUrl":"https:\/\/labarraca1912.es\/wp-content\/uploads\/2019\/06\/logo-labarraca.png","width":2917,"height":1809,"caption":"La Barraca 1912 Alimentacion"},"image":{"@id":"https:\/\/labarraca1912.es\/#\/schema\/logo\/image\/"}},{"@type":"Person","@id":"https:\/\/labarraca1912.es\/#\/schema\/person\/4b10d6474ad3b3d53e0d88b3fd28cace","name":"Marcelo Alted","image":{"@type":"ImageObject","inLanguage":"pt-PT","@id":"https:\/\/secure.gravatar.com\/avatar\/74db7b044acbe8046c5bad225157a0a7257e9aea14679bfe085b87240b10ae56?s=96&d=mm&r=g","url":"https:\/\/secure.gravatar.com\/avatar\/74db7b044acbe8046c5bad225157a0a7257e9aea14679bfe085b87240b10ae56?s=96&d=mm&r=g","contentUrl":"https:\/\/secure.gravatar.com\/avatar\/74db7b044acbe8046c5bad225157a0a7257e9aea14679bfe085b87240b10ae56?s=96&d=mm&r=g","caption":"Marcelo Alted"},"url":"https:\/\/labarraca1912.es\/pt\/author\/marcelo\/"}]}},"_links":{"self":[{"href":"https:\/\/labarraca1912.es\/pt\/wp-json\/wp\/v2\/posts\/4868","targetHints":{"allow":["GET"]}}],"collection":[{"href":"https:\/\/labarraca1912.es\/pt\/wp-json\/wp\/v2\/posts"}],"about":[{"href":"https:\/\/labarraca1912.es\/pt\/wp-json\/wp\/v2\/types\/post"}],"author":[{"embeddable":true,"href":"https:\/\/labarraca1912.es\/pt\/wp-json\/wp\/v2\/users\/2"}],"replies":[{"embeddable":true,"href":"https:\/\/labarraca1912.es\/pt\/wp-json\/wp\/v2\/comments?post=4868"}],"version-history":[{"count":0,"href":"https:\/\/labarraca1912.es\/pt\/wp-json\/wp\/v2\/posts\/4868\/revisions"}],"wp:featuredmedia":[{"embeddable":true,"href":"https:\/\/labarraca1912.es\/pt\/wp-json\/wp\/v2\/media\/4869"}],"wp:attachment":[{"href":"https:\/\/labarraca1912.es\/pt\/wp-json\/wp\/v2\/media?parent=4868"}],"wp:term":[{"taxonomy":"category","embeddable":true,"href":"https:\/\/labarraca1912.es\/pt\/wp-json\/wp\/v2\/categories?post=4868"},{"taxonomy":"post_tag","embeddable":true,"href":"https:\/\/labarraca1912.es\/pt\/wp-json\/wp\/v2\/tags?post=4868"}],"curies":[{"name":"wp","href":"https:\/\/api.w.org\/{rel}","templated":true}]}}