{"id":5127,"date":"2020-05-27T10:55:50","date_gmt":"2020-05-27T08:55:50","guid":{"rendered":"https:\/\/labarraca1912.es\/?p=5127"},"modified":"2020-05-27T10:55:52","modified_gmt":"2020-05-27T08:55:52","slug":"27m-dia-mundial-del-celiaco","status":"publish","type":"post","link":"https:\/\/labarraca1912.es\/pt\/27m-dia-mundial-del-celiaco\/","title":{"rendered":"27M &#8211; D\u00eda Mundial del Cel\u00edaco"},"content":{"rendered":"<p>Hoy 27 de mayo se celebra el d\u00eda nacional del cel\u00edaco, desde&nbsp;<a href=\"https:\/\/www.facebook.com\/labarraca1912\/?__tn__=K-R&amp;eid=ARCiKxSlvzB-dYfJXWPL9IKimrtBLd9SsU1aJDRlvU_QjnrnjV6fBMalb9oARFMeIsGqfRsqOFRQnWry&amp;fref=mentions&amp;__xts__%5B0%5D=68.ARBJgE6ekn1SsLm8ONSt7lDdU2i1t_RfhWLz8wJGq0xpOvLWFObbLzznKaMfDdJ03BPO4InN32kZHGdwWwJl5pDWzIWIpBpHi75zcQ7eVe5Y5D6022HireR0c8rMLOCWR390G13ZAulaRD6qi3DvvWh44qxu8f24jHxQG5Z9eIfvxGCCsjiIxsY12GRTqYvy2t0Y7zMsxErgaJtvfWH80Ixa0Bmq_uQHgk5kKrbfJCMJv2NNtzB1to6ha7DESOQIDA3X2dKm0CeNxm59_lFbCkGhbSDOcSCova1utvKBwVif2F7RBh2xDI0IB5UB_WRI9xrA-Ni-heEgcd6TDOOAmUnfwBOM\" target=\"_blank\" rel=\"noopener\">La Barraca Alimentaci\u00f3n<\/a>&nbsp;identificamos nuestros productos libres de gluten con nuestro distintivo.<\/p>\n\n\n\n<p>De esta manera podr\u00e1s encontrar con facilidad qu\u00e9 productos est\u00e1n libres de gluten, as\u00ed como tambi\u00e9n identificamos aquellos que contengan o puedan contener trazas de gluten.<\/p>\n\n\n\n<p><a href=\"https:\/\/www.facebook.com\/hashtag\/gluten?__eep__=6&amp;source=feed_text&amp;epa=HASHTAG&amp;__xts__%5B0%5D=68.ARBJgE6ekn1SsLm8ONSt7lDdU2i1t_RfhWLz8wJGq0xpOvLWFObbLzznKaMfDdJ03BPO4InN32kZHGdwWwJl5pDWzIWIpBpHi75zcQ7eVe5Y5D6022HireR0c8rMLOCWR390G13ZAulaRD6qi3DvvWh44qxu8f24jHxQG5Z9eIfvxGCCsjiIxsY12GRTqYvy2t0Y7zMsxErgaJtvfWH80Ixa0Bmq_uQHgk5kKrbfJCMJv2NNtzB1to6ha7DESOQIDA3X2dKm0CeNxm59_lFbCkGhbSDOcSCova1utvKBwVif2F7RBh2xDI0IB5UB_WRI9xrA-Ni-heEgcd6TDOOAmUnfwBOM&amp;__tn__=%2ANK-R\" target=\"_blank\" rel=\"noopener\">#gluten<\/a>&nbsp;<a href=\"https:\/\/www.facebook.com\/hashtag\/glutenfree?__eep__=6&amp;source=feed_text&amp;epa=HASHTAG&amp;__xts__%5B0%5D=68.ARBJgE6ekn1SsLm8ONSt7lDdU2i1t_RfhWLz8wJGq0xpOvLWFObbLzznKaMfDdJ03BPO4InN32kZHGdwWwJl5pDWzIWIpBpHi75zcQ7eVe5Y5D6022HireR0c8rMLOCWR390G13ZAulaRD6qi3DvvWh44qxu8f24jHxQG5Z9eIfvxGCCsjiIxsY12GRTqYvy2t0Y7zMsxErgaJtvfWH80Ixa0Bmq_uQHgk5kKrbfJCMJv2NNtzB1to6ha7DESOQIDA3X2dKm0CeNxm59_lFbCkGhbSDOcSCova1utvKBwVif2F7RBh2xDI0IB5UB_WRI9xrA-Ni-heEgcd6TDOOAmUnfwBOM&amp;__tn__=%2ANK-R\" target=\"_blank\" rel=\"noopener\">#glutenfree<\/a>&nbsp;<a href=\"https:\/\/www.facebook.com\/hashtag\/singluten?__eep__=6&amp;source=feed_text&amp;epa=HASHTAG&amp;__xts__%5B0%5D=68.ARBJgE6ekn1SsLm8ONSt7lDdU2i1t_RfhWLz8wJGq0xpOvLWFObbLzznKaMfDdJ03BPO4InN32kZHGdwWwJl5pDWzIWIpBpHi75zcQ7eVe5Y5D6022HireR0c8rMLOCWR390G13ZAulaRD6qi3DvvWh44qxu8f24jHxQG5Z9eIfvxGCCsjiIxsY12GRTqYvy2t0Y7zMsxErgaJtvfWH80Ixa0Bmq_uQHgk5kKrbfJCMJv2NNtzB1to6ha7DESOQIDA3X2dKm0CeNxm59_lFbCkGhbSDOcSCova1utvKBwVif2F7RBh2xDI0IB5UB_WRI9xrA-Ni-heEgcd6TDOOAmUnfwBOM&amp;__tn__=%2ANK-R\" target=\"_blank\" rel=\"noopener\">#singluten<\/a>&nbsp;<a href=\"https:\/\/www.facebook.com\/hashtag\/especias?__eep__=6&amp;source=feed_text&amp;epa=HASHTAG&amp;__xts__%5B0%5D=68.ARBJgE6ekn1SsLm8ONSt7lDdU2i1t_RfhWLz8wJGq0xpOvLWFObbLzznKaMfDdJ03BPO4InN32kZHGdwWwJl5pDWzIWIpBpHi75zcQ7eVe5Y5D6022HireR0c8rMLOCWR390G13ZAulaRD6qi3DvvWh44qxu8f24jHxQG5Z9eIfvxGCCsjiIxsY12GRTqYvy2t0Y7zMsxErgaJtvfWH80Ixa0Bmq_uQHgk5kKrbfJCMJv2NNtzB1to6ha7DESOQIDA3X2dKm0CeNxm59_lFbCkGhbSDOcSCova1utvKBwVif2F7RBh2xDI0IB5UB_WRI9xrA-Ni-heEgcd6TDOOAmUnfwBOM&amp;__tn__=%2ANK-R\" target=\"_blank\" rel=\"noopener\">#especias<\/a>&nbsp;<a href=\"https:\/\/www.facebook.com\/hashtag\/condimentos?__eep__=6&amp;source=feed_text&amp;epa=HASHTAG&amp;__xts__%5B0%5D=68.ARBJgE6ekn1SsLm8ONSt7lDdU2i1t_RfhWLz8wJGq0xpOvLWFObbLzznKaMfDdJ03BPO4InN32kZHGdwWwJl5pDWzIWIpBpHi75zcQ7eVe5Y5D6022HireR0c8rMLOCWR390G13ZAulaRD6qi3DvvWh44qxu8f24jHxQG5Z9eIfvxGCCsjiIxsY12GRTqYvy2t0Y7zMsxErgaJtvfWH80Ixa0Bmq_uQHgk5kKrbfJCMJv2NNtzB1to6ha7DESOQIDA3X2dKm0CeNxm59_lFbCkGhbSDOcSCova1utvKBwVif2F7RBh2xDI0IB5UB_WRI9xrA-Ni-heEgcd6TDOOAmUnfwBOM&amp;__tn__=%2ANK-R\" target=\"_blank\" rel=\"noopener\">#condimentos<\/a>&nbsp;<a href=\"https:\/\/www.facebook.com\/hashtag\/infusiones?__eep__=6&amp;source=feed_text&amp;epa=HASHTAG&amp;__xts__%5B0%5D=68.ARBJgE6ekn1SsLm8ONSt7lDdU2i1t_RfhWLz8wJGq0xpOvLWFObbLzznKaMfDdJ03BPO4InN32kZHGdwWwJl5pDWzIWIpBpHi75zcQ7eVe5Y5D6022HireR0c8rMLOCWR390G13ZAulaRD6qi3DvvWh44qxu8f24jHxQG5Z9eIfvxGCCsjiIxsY12GRTqYvy2t0Y7zMsxErgaJtvfWH80Ixa0Bmq_uQHgk5kKrbfJCMJv2NNtzB1to6ha7DESOQIDA3X2dKm0CeNxm59_lFbCkGhbSDOcSCova1utvKBwVif2F7RBh2xDI0IB5UB_WRI9xrA-Ni-heEgcd6TDOOAmUnfwBOM&amp;__tn__=%2ANK-R\" target=\"_blank\" rel=\"noopener\">#infusiones<\/a>&nbsp;<a href=\"https:\/\/www.facebook.com\/hashtag\/azafran?__eep__=6&amp;source=feed_text&amp;epa=HASHTAG&amp;__xts__%5B0%5D=68.ARBJgE6ekn1SsLm8ONSt7lDdU2i1t_RfhWLz8wJGq0xpOvLWFObbLzznKaMfDdJ03BPO4InN32kZHGdwWwJl5pDWzIWIpBpHi75zcQ7eVe5Y5D6022HireR0c8rMLOCWR390G13ZAulaRD6qi3DvvWh44qxu8f24jHxQG5Z9eIfvxGCCsjiIxsY12GRTqYvy2t0Y7zMsxErgaJtvfWH80Ixa0Bmq_uQHgk5kKrbfJCMJv2NNtzB1to6ha7DESOQIDA3X2dKm0CeNxm59_lFbCkGhbSDOcSCova1utvKBwVif2F7RBh2xDI0IB5UB_WRI9xrA-Ni-heEgcd6TDOOAmUnfwBOM&amp;__tn__=%2ANK-R\" target=\"_blank\" rel=\"noopener\">#azafran<\/a>&nbsp;<a href=\"https:\/\/www.facebook.com\/hashtag\/tea?__eep__=6&amp;source=feed_text&amp;epa=HASHTAG&amp;__xts__%5B0%5D=68.ARBJgE6ekn1SsLm8ONSt7lDdU2i1t_RfhWLz8wJGq0xpOvLWFObbLzznKaMfDdJ03BPO4InN32kZHGdwWwJl5pDWzIWIpBpHi75zcQ7eVe5Y5D6022HireR0c8rMLOCWR390G13ZAulaRD6qi3DvvWh44qxu8f24jHxQG5Z9eIfvxGCCsjiIxsY12GRTqYvy2t0Y7zMsxErgaJtvfWH80Ixa0Bmq_uQHgk5kKrbfJCMJv2NNtzB1to6ha7DESOQIDA3X2dKm0CeNxm59_lFbCkGhbSDOcSCova1utvKBwVif2F7RBh2xDI0IB5UB_WRI9xrA-Ni-heEgcd6TDOOAmUnfwBOM&amp;__tn__=%2ANK-R\" target=\"_blank\" rel=\"noopener\">#tea<\/a><\/p>","protected":false},"excerpt":{"rendered":"<p>Hoy 27 de mayo se celebra el d\u00eda nacional del cel\u00edaco, desde&nbsp;La Barraca Alimentaci\u00f3n&nbsp;identificamos nuestros productos libres de gluten con nuestro distintivo. De esta manera podr\u00e1s encontrar con facilidad qu\u00e9 productos est\u00e1n libres de gluten, as\u00ed como tambi\u00e9n identificamos aquellos que contengan o puedan contener trazas de gluten. #gluten&nbsp;#glutenfree&nbsp;#singluten&nbsp;#especias&nbsp;#condimentos&nbsp;#infusiones&nbsp;#azafran&nbsp;#tea<\/p>","protected":false},"author":2,"featured_media":5128,"comment_status":"open","ping_status":"open","sticky":false,"template":"","format":"standard","meta":{"_et_pb_use_builder":"off","_et_pb_old_content":"","_et_gb_content_width":"","footnotes":""},"categories":[1],"tags":[],"class_list":["post-5127","post","type-post","status-publish","format-standard","has-post-thumbnail","hentry","category-dudas-especias"],"yoast_head":"<!-- This site is optimized with the Yoast SEO plugin v27.4 - https:\/\/yoast.com\/product\/yoast-seo-wordpress\/ -->\n<title>La Barraca Alimentaci\u00f3n - La Casa del Sabor<\/title>\n<meta name=\"description\" content=\"Una de las marcas con mayor tradici\u00f3n y prestigio entre las empresas especializadas en especias, hierbas y condimentos de Espa\u00f1a.\" \/>\n<meta name=\"robots\" content=\"index, follow, max-snippet:-1, max-image-preview:large, max-video-preview:-1\" \/>\n<link rel=\"canonical\" href=\"https:\/\/labarraca1912.es\/pt\/27m-dia-mundial-del-celiaco\/\" \/>\n<meta property=\"og:locale\" content=\"pt_PT\" \/>\n<meta property=\"og:type\" content=\"article\" \/>\n<meta property=\"og:title\" content=\"La Barraca Alimentaci\u00f3n - La Casa del Sabor\" \/>\n<meta property=\"og:description\" content=\"Una de las marcas con mayor tradici\u00f3n y prestigio entre las empresas especializadas en especias, hierbas y condimentos de Espa\u00f1a.\" \/>\n<meta property=\"og:url\" content=\"https:\/\/labarraca1912.es\/pt\/27m-dia-mundial-del-celiaco\/\" \/>\n<meta property=\"og:site_name\" content=\"La Barraca\" \/>\n<meta property=\"article:published_time\" content=\"2020-05-27T08:55:50+00:00\" \/>\n<meta property=\"article:modified_time\" content=\"2020-05-27T08:55:52+00:00\" \/>\n<meta property=\"og:image\" content=\"https:\/\/labarraca1912.es\/wp-content\/uploads\/2020\/05\/Celiaco-scaled.jpg\" \/>\n\t<meta property=\"og:image:width\" content=\"2560\" \/>\n\t<meta property=\"og:image:height\" content=\"1611\" \/>\n\t<meta property=\"og:image:type\" content=\"image\/jpeg\" \/>\n<meta name=\"author\" content=\"Marcelo Alted\" \/>\n<meta name=\"twitter:card\" content=\"summary_large_image\" \/>\n<meta name=\"twitter:label1\" content=\"Escrito por\" \/>\n\t<meta name=\"twitter:data1\" content=\"Marcelo Alted\" \/>\n<script type=\"application\/ld+json\" class=\"yoast-schema-graph\">{\"@context\":\"https:\\\/\\\/schema.org\",\"@graph\":[{\"@type\":\"Article\",\"@id\":\"https:\\\/\\\/labarraca1912.es\\\/27m-dia-mundial-del-celiaco\\\/#article\",\"isPartOf\":{\"@id\":\"https:\\\/\\\/labarraca1912.es\\\/27m-dia-mundial-del-celiaco\\\/\"},\"author\":{\"name\":\"Marcelo Alted\",\"@id\":\"https:\\\/\\\/labarraca1912.es\\\/#\\\/schema\\\/person\\\/4b10d6474ad3b3d53e0d88b3fd28cace\"},\"headline\":\"27M &#8211; D\u00eda Mundial del Cel\u00edaco\",\"datePublished\":\"2020-05-27T08:55:50+00:00\",\"dateModified\":\"2020-05-27T08:55:52+00:00\",\"mainEntityOfPage\":{\"@id\":\"https:\\\/\\\/labarraca1912.es\\\/27m-dia-mundial-del-celiaco\\\/\"},\"wordCount\":80,\"commentCount\":0,\"publisher\":{\"@id\":\"https:\\\/\\\/labarraca1912.es\\\/#organization\"},\"image\":{\"@id\":\"https:\\\/\\\/labarraca1912.es\\\/27m-dia-mundial-del-celiaco\\\/#primaryimage\"},\"thumbnailUrl\":\"https:\\\/\\\/labarraca1912.es\\\/wp-content\\\/uploads\\\/2020\\\/05\\\/Celiaco-scaled.jpg\",\"articleSection\":[\"Dudas sobre las especias\"],\"inLanguage\":\"pt-PT\",\"potentialAction\":[{\"@type\":\"CommentAction\",\"name\":\"Comment\",\"target\":[\"https:\\\/\\\/labarraca1912.es\\\/27m-dia-mundial-del-celiaco\\\/#respond\"]}]},{\"@type\":\"WebPage\",\"@id\":\"https:\\\/\\\/labarraca1912.es\\\/27m-dia-mundial-del-celiaco\\\/\",\"url\":\"https:\\\/\\\/labarraca1912.es\\\/27m-dia-mundial-del-celiaco\\\/\",\"name\":\"La Barraca Alimentaci\u00f3n - La Casa del Sabor\",\"isPartOf\":{\"@id\":\"https:\\\/\\\/labarraca1912.es\\\/#website\"},\"primaryImageOfPage\":{\"@id\":\"https:\\\/\\\/labarraca1912.es\\\/27m-dia-mundial-del-celiaco\\\/#primaryimage\"},\"image\":{\"@id\":\"https:\\\/\\\/labarraca1912.es\\\/27m-dia-mundial-del-celiaco\\\/#primaryimage\"},\"thumbnailUrl\":\"https:\\\/\\\/labarraca1912.es\\\/wp-content\\\/uploads\\\/2020\\\/05\\\/Celiaco-scaled.jpg\",\"datePublished\":\"2020-05-27T08:55:50+00:00\",\"dateModified\":\"2020-05-27T08:55:52+00:00\",\"description\":\"Una de las marcas con mayor tradici\u00f3n y prestigio entre las empresas especializadas en especias, hierbas y condimentos de Espa\u00f1a.\",\"breadcrumb\":{\"@id\":\"https:\\\/\\\/labarraca1912.es\\\/27m-dia-mundial-del-celiaco\\\/#breadcrumb\"},\"inLanguage\":\"pt-PT\",\"potentialAction\":[{\"@type\":\"ReadAction\",\"target\":[\"https:\\\/\\\/labarraca1912.es\\\/27m-dia-mundial-del-celiaco\\\/\"]}]},{\"@type\":\"ImageObject\",\"inLanguage\":\"pt-PT\",\"@id\":\"https:\\\/\\\/labarraca1912.es\\\/27m-dia-mundial-del-celiaco\\\/#primaryimage\",\"url\":\"https:\\\/\\\/labarraca1912.es\\\/wp-content\\\/uploads\\\/2020\\\/05\\\/Celiaco-scaled.jpg\",\"contentUrl\":\"https:\\\/\\\/labarraca1912.es\\\/wp-content\\\/uploads\\\/2020\\\/05\\\/Celiaco-scaled.jpg\",\"width\":2560,\"height\":1611},{\"@type\":\"BreadcrumbList\",\"@id\":\"https:\\\/\\\/labarraca1912.es\\\/27m-dia-mundial-del-celiaco\\\/#breadcrumb\",\"itemListElement\":[{\"@type\":\"ListItem\",\"position\":1,\"name\":\"La Barraca\",\"item\":\"https:\\\/\\\/labarraca1912.es\\\/\"},{\"@type\":\"ListItem\",\"position\":2,\"name\":\"27M &#8211; D\u00eda Mundial del Cel\u00edaco\"}]},{\"@type\":\"WebSite\",\"@id\":\"https:\\\/\\\/labarraca1912.es\\\/#website\",\"url\":\"https:\\\/\\\/labarraca1912.es\\\/\",\"name\":\"La Barraca\",\"description\":\"La Casa del Sabor\",\"publisher\":{\"@id\":\"https:\\\/\\\/labarraca1912.es\\\/#organization\"},\"potentialAction\":[{\"@type\":\"SearchAction\",\"target\":{\"@type\":\"EntryPoint\",\"urlTemplate\":\"https:\\\/\\\/labarraca1912.es\\\/?s={search_term_string}\"},\"query-input\":{\"@type\":\"PropertyValueSpecification\",\"valueRequired\":true,\"valueName\":\"search_term_string\"}}],\"inLanguage\":\"pt-PT\"},{\"@type\":\"Organization\",\"@id\":\"https:\\\/\\\/labarraca1912.es\\\/#organization\",\"name\":\"La Barraca 1912 Alimentacion\",\"url\":\"https:\\\/\\\/labarraca1912.es\\\/\",\"logo\":{\"@type\":\"ImageObject\",\"inLanguage\":\"pt-PT\",\"@id\":\"https:\\\/\\\/labarraca1912.es\\\/#\\\/schema\\\/logo\\\/image\\\/\",\"url\":\"https:\\\/\\\/labarraca1912.es\\\/wp-content\\\/uploads\\\/2019\\\/06\\\/logo-labarraca.png\",\"contentUrl\":\"https:\\\/\\\/labarraca1912.es\\\/wp-content\\\/uploads\\\/2019\\\/06\\\/logo-labarraca.png\",\"width\":2917,\"height\":1809,\"caption\":\"La Barraca 1912 Alimentacion\"},\"image\":{\"@id\":\"https:\\\/\\\/labarraca1912.es\\\/#\\\/schema\\\/logo\\\/image\\\/\"}},{\"@type\":\"Person\",\"@id\":\"https:\\\/\\\/labarraca1912.es\\\/#\\\/schema\\\/person\\\/4b10d6474ad3b3d53e0d88b3fd28cace\",\"name\":\"Marcelo Alted\",\"image\":{\"@type\":\"ImageObject\",\"inLanguage\":\"pt-PT\",\"@id\":\"https:\\\/\\\/secure.gravatar.com\\\/avatar\\\/74db7b044acbe8046c5bad225157a0a7257e9aea14679bfe085b87240b10ae56?s=96&d=mm&r=g\",\"url\":\"https:\\\/\\\/secure.gravatar.com\\\/avatar\\\/74db7b044acbe8046c5bad225157a0a7257e9aea14679bfe085b87240b10ae56?s=96&d=mm&r=g\",\"contentUrl\":\"https:\\\/\\\/secure.gravatar.com\\\/avatar\\\/74db7b044acbe8046c5bad225157a0a7257e9aea14679bfe085b87240b10ae56?s=96&d=mm&r=g\",\"caption\":\"Marcelo Alted\"},\"url\":\"https:\\\/\\\/labarraca1912.es\\\/pt\\\/author\\\/marcelo\\\/\"}]}<\/script>\n<!-- \/ Yoast SEO plugin. -->","yoast_head_json":{"title":"La Barraca Alimentaci\u00f3n - La Casa del Sabor","description":"Una de las marcas con mayor tradici\u00f3n y prestigio entre las empresas especializadas en especias, hierbas y condimentos de Espa\u00f1a.","robots":{"index":"index","follow":"follow","max-snippet":"max-snippet:-1","max-image-preview":"max-image-preview:large","max-video-preview":"max-video-preview:-1"},"canonical":"https:\/\/labarraca1912.es\/pt\/27m-dia-mundial-del-celiaco\/","og_locale":"pt_PT","og_type":"article","og_title":"La Barraca Alimentaci\u00f3n - La Casa del Sabor","og_description":"Una de las marcas con mayor tradici\u00f3n y prestigio entre las empresas especializadas en especias, hierbas y condimentos de Espa\u00f1a.","og_url":"https:\/\/labarraca1912.es\/pt\/27m-dia-mundial-del-celiaco\/","og_site_name":"La Barraca","article_published_time":"2020-05-27T08:55:50+00:00","article_modified_time":"2020-05-27T08:55:52+00:00","og_image":[{"width":2560,"height":1611,"url":"https:\/\/labarraca1912.es\/wp-content\/uploads\/2020\/05\/Celiaco-scaled.jpg","type":"image\/jpeg"}],"author":"Marcelo Alted","twitter_card":"summary_large_image","twitter_misc":{"Escrito por":"Marcelo Alted"},"schema":{"@context":"https:\/\/schema.org","@graph":[{"@type":"Article","@id":"https:\/\/labarraca1912.es\/27m-dia-mundial-del-celiaco\/#article","isPartOf":{"@id":"https:\/\/labarraca1912.es\/27m-dia-mundial-del-celiaco\/"},"author":{"name":"Marcelo Alted","@id":"https:\/\/labarraca1912.es\/#\/schema\/person\/4b10d6474ad3b3d53e0d88b3fd28cace"},"headline":"27M &#8211; D\u00eda Mundial del Cel\u00edaco","datePublished":"2020-05-27T08:55:50+00:00","dateModified":"2020-05-27T08:55:52+00:00","mainEntityOfPage":{"@id":"https:\/\/labarraca1912.es\/27m-dia-mundial-del-celiaco\/"},"wordCount":80,"commentCount":0,"publisher":{"@id":"https:\/\/labarraca1912.es\/#organization"},"image":{"@id":"https:\/\/labarraca1912.es\/27m-dia-mundial-del-celiaco\/#primaryimage"},"thumbnailUrl":"https:\/\/labarraca1912.es\/wp-content\/uploads\/2020\/05\/Celiaco-scaled.jpg","articleSection":["Dudas sobre las especias"],"inLanguage":"pt-PT","potentialAction":[{"@type":"CommentAction","name":"Comment","target":["https:\/\/labarraca1912.es\/27m-dia-mundial-del-celiaco\/#respond"]}]},{"@type":"WebPage","@id":"https:\/\/labarraca1912.es\/27m-dia-mundial-del-celiaco\/","url":"https:\/\/labarraca1912.es\/27m-dia-mundial-del-celiaco\/","name":"La Barraca Alimentaci\u00f3n - La Casa del Sabor","isPartOf":{"@id":"https:\/\/labarraca1912.es\/#website"},"primaryImageOfPage":{"@id":"https:\/\/labarraca1912.es\/27m-dia-mundial-del-celiaco\/#primaryimage"},"image":{"@id":"https:\/\/labarraca1912.es\/27m-dia-mundial-del-celiaco\/#primaryimage"},"thumbnailUrl":"https:\/\/labarraca1912.es\/wp-content\/uploads\/2020\/05\/Celiaco-scaled.jpg","datePublished":"2020-05-27T08:55:50+00:00","dateModified":"2020-05-27T08:55:52+00:00","description":"Una de las marcas con mayor tradici\u00f3n y prestigio entre las empresas especializadas en especias, hierbas y condimentos de Espa\u00f1a.","breadcrumb":{"@id":"https:\/\/labarraca1912.es\/27m-dia-mundial-del-celiaco\/#breadcrumb"},"inLanguage":"pt-PT","potentialAction":[{"@type":"ReadAction","target":["https:\/\/labarraca1912.es\/27m-dia-mundial-del-celiaco\/"]}]},{"@type":"ImageObject","inLanguage":"pt-PT","@id":"https:\/\/labarraca1912.es\/27m-dia-mundial-del-celiaco\/#primaryimage","url":"https:\/\/labarraca1912.es\/wp-content\/uploads\/2020\/05\/Celiaco-scaled.jpg","contentUrl":"https:\/\/labarraca1912.es\/wp-content\/uploads\/2020\/05\/Celiaco-scaled.jpg","width":2560,"height":1611},{"@type":"BreadcrumbList","@id":"https:\/\/labarraca1912.es\/27m-dia-mundial-del-celiaco\/#breadcrumb","itemListElement":[{"@type":"ListItem","position":1,"name":"La Barraca","item":"https:\/\/labarraca1912.es\/"},{"@type":"ListItem","position":2,"name":"27M &#8211; D\u00eda Mundial del Cel\u00edaco"}]},{"@type":"WebSite","@id":"https:\/\/labarraca1912.es\/#website","url":"https:\/\/labarraca1912.es\/","name":"La Barraca","description":"La Casa del Sabor","publisher":{"@id":"https:\/\/labarraca1912.es\/#organization"},"potentialAction":[{"@type":"SearchAction","target":{"@type":"EntryPoint","urlTemplate":"https:\/\/labarraca1912.es\/?s={search_term_string}"},"query-input":{"@type":"PropertyValueSpecification","valueRequired":true,"valueName":"search_term_string"}}],"inLanguage":"pt-PT"},{"@type":"Organization","@id":"https:\/\/labarraca1912.es\/#organization","name":"La Barraca 1912 Alimentacion","url":"https:\/\/labarraca1912.es\/","logo":{"@type":"ImageObject","inLanguage":"pt-PT","@id":"https:\/\/labarraca1912.es\/#\/schema\/logo\/image\/","url":"https:\/\/labarraca1912.es\/wp-content\/uploads\/2019\/06\/logo-labarraca.png","contentUrl":"https:\/\/labarraca1912.es\/wp-content\/uploads\/2019\/06\/logo-labarraca.png","width":2917,"height":1809,"caption":"La Barraca 1912 Alimentacion"},"image":{"@id":"https:\/\/labarraca1912.es\/#\/schema\/logo\/image\/"}},{"@type":"Person","@id":"https:\/\/labarraca1912.es\/#\/schema\/person\/4b10d6474ad3b3d53e0d88b3fd28cace","name":"Marcelo Alted","image":{"@type":"ImageObject","inLanguage":"pt-PT","@id":"https:\/\/secure.gravatar.com\/avatar\/74db7b044acbe8046c5bad225157a0a7257e9aea14679bfe085b87240b10ae56?s=96&d=mm&r=g","url":"https:\/\/secure.gravatar.com\/avatar\/74db7b044acbe8046c5bad225157a0a7257e9aea14679bfe085b87240b10ae56?s=96&d=mm&r=g","contentUrl":"https:\/\/secure.gravatar.com\/avatar\/74db7b044acbe8046c5bad225157a0a7257e9aea14679bfe085b87240b10ae56?s=96&d=mm&r=g","caption":"Marcelo Alted"},"url":"https:\/\/labarraca1912.es\/pt\/author\/marcelo\/"}]}},"_links":{"self":[{"href":"https:\/\/labarraca1912.es\/pt\/wp-json\/wp\/v2\/posts\/5127","targetHints":{"allow":["GET"]}}],"collection":[{"href":"https:\/\/labarraca1912.es\/pt\/wp-json\/wp\/v2\/posts"}],"about":[{"href":"https:\/\/labarraca1912.es\/pt\/wp-json\/wp\/v2\/types\/post"}],"author":[{"embeddable":true,"href":"https:\/\/labarraca1912.es\/pt\/wp-json\/wp\/v2\/users\/2"}],"replies":[{"embeddable":true,"href":"https:\/\/labarraca1912.es\/pt\/wp-json\/wp\/v2\/comments?post=5127"}],"version-history":[{"count":0,"href":"https:\/\/labarraca1912.es\/pt\/wp-json\/wp\/v2\/posts\/5127\/revisions"}],"wp:featuredmedia":[{"embeddable":true,"href":"https:\/\/labarraca1912.es\/pt\/wp-json\/wp\/v2\/media\/5128"}],"wp:attachment":[{"href":"https:\/\/labarraca1912.es\/pt\/wp-json\/wp\/v2\/media?parent=5127"}],"wp:term":[{"taxonomy":"category","embeddable":true,"href":"https:\/\/labarraca1912.es\/pt\/wp-json\/wp\/v2\/categories?post=5127"},{"taxonomy":"post_tag","embeddable":true,"href":"https:\/\/labarraca1912.es\/pt\/wp-json\/wp\/v2\/tags?post=5127"}],"curies":[{"name":"wp","href":"https:\/\/api.w.org\/{rel}","templated":true}]}}