{"id":9072,"date":"2023-04-21T09:47:19","date_gmt":"2023-04-21T07:47:19","guid":{"rendered":"https:\/\/labarraca1912.es\/?p=9072"},"modified":"2023-04-21T09:53:15","modified_gmt":"2023-04-21T07:53:15","slug":"36-salon-gourmets-madrid","status":"publish","type":"post","link":"https:\/\/labarraca1912.es\/pt\/36-salon-gourmets-madrid\/","title":{"rendered":"36 Sal\u00f3n Gourmets &#8211; Madrid"},"content":{"rendered":"<p><strong>La Barraca Alimentaci\u00f3n<\/strong> expone por primera vez en el <strong>Sal\u00f3n Gourmets<\/strong>, una Feria de Alimentaci\u00f3n y Bebidas de calidad\u00a0n\u00ba 1 de Europa\u00a0y uno de los referentes m\u00e1s prestigiosos del mundo, presenta el mejor escaparate de tendencias de alta gama. Con una trayectoria de 35 ediciones, cifras crecientes y un esp\u00edritu netamente comercial, es la plataforma m\u00e1s visitada y un encuentro de profesionales nacionales e internacionales del sector gastron\u00f3mico: restauraci\u00f3n, hosteler\u00eda, distribuci\u00f3n, catering y comercio especializado.<\/p>\n\n\n\n<p>En ella estuvieron presentes el Director Comercial de la empresa <em>Jos\u00e9 Mar\u00eda Marosi<\/em>, y <em>Santiago Recio<\/em>, del Departamento de Exportaci\u00f3n.<\/p>\n\n\n\n<p>A continuaci\u00f3n os dejamos una serie de fotograf\u00edas de nuestro paso por la feria.<\/p>\n\n\n\n<figure class=\"wp-block-gallery has-nested-images columns-default is-cropped wp-block-gallery-1 is-layout-flex wp-block-gallery-is-layout-flex\">\n<figure class=\"wp-block-image size-large\"><img decoding=\"async\" width=\"1440\" height=\"1920\" data-id=\"9079\" src=\"https:\/\/labarraca1912.es\/wp-content\/uploads\/1681804377185-scaled.jpg\" alt=\"\" class=\"wp-image-9079\" srcset=\"https:\/\/labarraca1912.es\/wp-content\/uploads\/1681804377185-scaled.jpg 1440w, https:\/\/labarraca1912.es\/wp-content\/uploads\/1681804377185-1280x1707.jpg 1280w, https:\/\/labarraca1912.es\/wp-content\/uploads\/1681804377185-980x1307.jpg 980w, https:\/\/labarraca1912.es\/wp-content\/uploads\/1681804377185-480x640.jpg 480w\" sizes=\"(min-width: 0px) and (max-width: 480px) 480px, (min-width: 481px) and (max-width: 980px) 980px, (min-width: 981px) and (max-width: 1280px) 1280px, (min-width: 1281px) 1440px, 100vw\" \/><\/figure>\n\n\n\n<figure class=\"wp-block-image size-large\"><img decoding=\"async\" width=\"1440\" height=\"1920\" data-id=\"9078\" src=\"https:\/\/labarraca1912.es\/wp-content\/uploads\/1681804377177-scaled.jpg\" alt=\"\" class=\"wp-image-9078\" srcset=\"https:\/\/labarraca1912.es\/wp-content\/uploads\/1681804377177-scaled.jpg 1440w, https:\/\/labarraca1912.es\/wp-content\/uploads\/1681804377177-1280x1707.jpg 1280w, https:\/\/labarraca1912.es\/wp-content\/uploads\/1681804377177-980x1307.jpg 980w, https:\/\/labarraca1912.es\/wp-content\/uploads\/1681804377177-480x640.jpg 480w\" sizes=\"(min-width: 0px) and (max-width: 480px) 480px, (min-width: 481px) and (max-width: 980px) 980px, (min-width: 981px) and (max-width: 1280px) 1280px, (min-width: 1281px) 1440px, 100vw\" \/><\/figure>\n\n\n\n<figure class=\"wp-block-image size-large\"><img decoding=\"async\" width=\"1440\" height=\"1920\" data-id=\"9077\" src=\"https:\/\/labarraca1912.es\/wp-content\/uploads\/1681804377161-scaled.jpg\" alt=\"\" class=\"wp-image-9077\" srcset=\"https:\/\/labarraca1912.es\/wp-content\/uploads\/1681804377161-scaled.jpg 1440w, https:\/\/labarraca1912.es\/wp-content\/uploads\/1681804377161-1280x1707.jpg 1280w, https:\/\/labarraca1912.es\/wp-content\/uploads\/1681804377161-980x1307.jpg 980w, https:\/\/labarraca1912.es\/wp-content\/uploads\/1681804377161-480x640.jpg 480w\" sizes=\"(min-width: 0px) and (max-width: 480px) 480px, (min-width: 481px) and (max-width: 980px) 980px, (min-width: 981px) and (max-width: 1280px) 1280px, (min-width: 1281px) 1440px, 100vw\" \/><\/figure>\n\n\n\n<figure class=\"wp-block-image size-large\"><img decoding=\"async\" width=\"1440\" height=\"1920\" data-id=\"9076\" src=\"https:\/\/labarraca1912.es\/wp-content\/uploads\/1681804377153-scaled.jpg\" alt=\"\" class=\"wp-image-9076\" srcset=\"https:\/\/labarraca1912.es\/wp-content\/uploads\/1681804377153-scaled.jpg 1440w, https:\/\/labarraca1912.es\/wp-content\/uploads\/1681804377153-1280x1707.jpg 1280w, https:\/\/labarraca1912.es\/wp-content\/uploads\/1681804377153-980x1307.jpg 980w, https:\/\/labarraca1912.es\/wp-content\/uploads\/1681804377153-480x640.jpg 480w\" sizes=\"(min-width: 0px) and (max-width: 480px) 480px, (min-width: 481px) and (max-width: 980px) 980px, (min-width: 981px) and (max-width: 1280px) 1280px, (min-width: 1281px) 1440px, 100vw\" \/><\/figure>\n\n\n\n<figure class=\"wp-block-image size-large\"><img decoding=\"async\" width=\"1200\" height=\"1600\" data-id=\"9075\" src=\"https:\/\/labarraca1912.es\/wp-content\/uploads\/1681804377146.jpg\" alt=\"\" class=\"wp-image-9075\" srcset=\"https:\/\/labarraca1912.es\/wp-content\/uploads\/1681804377146.jpg 1200w, https:\/\/labarraca1912.es\/wp-content\/uploads\/1681804377146-980x1307.jpg 980w, https:\/\/labarraca1912.es\/wp-content\/uploads\/1681804377146-480x640.jpg 480w\" sizes=\"(min-width: 0px) and (max-width: 480px) 480px, (min-width: 481px) and (max-width: 980px) 980px, (min-width: 981px) 1200px, 100vw\" \/><\/figure>\n\n\n\n<figure class=\"wp-block-image size-large\"><img decoding=\"async\" width=\"1600\" height=\"1200\" data-id=\"9074\" src=\"https:\/\/labarraca1912.es\/wp-content\/uploads\/1681804377136.jpg\" alt=\"\" class=\"wp-image-9074\" srcset=\"https:\/\/labarraca1912.es\/wp-content\/uploads\/1681804377136.jpg 1600w, https:\/\/labarraca1912.es\/wp-content\/uploads\/1681804377136-1280x960.jpg 1280w, https:\/\/labarraca1912.es\/wp-content\/uploads\/1681804377136-980x735.jpg 980w, https:\/\/labarraca1912.es\/wp-content\/uploads\/1681804377136-480x360.jpg 480w\" sizes=\"(min-width: 0px) and (max-width: 480px) 480px, (min-width: 481px) and (max-width: 980px) 980px, (min-width: 981px) and (max-width: 1280px) 1280px, (min-width: 1281px) 1600px, 100vw\" \/><\/figure>\n\n\n\n<figure class=\"wp-block-image size-large\"><img decoding=\"async\" width=\"1200\" height=\"1600\" data-id=\"9073\" src=\"https:\/\/labarraca1912.es\/wp-content\/uploads\/1681804377129.jpg\" alt=\"\" class=\"wp-image-9073\" srcset=\"https:\/\/labarraca1912.es\/wp-content\/uploads\/1681804377129.jpg 1200w, https:\/\/labarraca1912.es\/wp-content\/uploads\/1681804377129-980x1307.jpg 980w, https:\/\/labarraca1912.es\/wp-content\/uploads\/1681804377129-480x640.jpg 480w\" sizes=\"(min-width: 0px) and (max-width: 480px) 480px, (min-width: 481px) and (max-width: 980px) 980px, (min-width: 981px) 1200px, 100vw\" \/><\/figure>\n<\/figure>","protected":false},"excerpt":{"rendered":"<p>La Barraca Alimentaci\u00f3n expone por primera vez en el Sal\u00f3n Gourmets, una Feria de Alimentaci\u00f3n y Bebidas de calidad\u00a0n\u00ba 1 de Europa\u00a0y uno de los referentes m\u00e1s prestigiosos del mundo, presenta el mejor escaparate de tendencias de alta gama. Con una trayectoria de 35 ediciones, cifras crecientes y un esp\u00edritu netamente comercial, es la plataforma [&hellip;]<\/p>\n","protected":false},"author":2,"featured_media":9034,"comment_status":"open","ping_status":"closed","sticky":false,"template":"","format":"standard","meta":{"_et_pb_use_builder":"off","_et_pb_old_content":"","_et_gb_content_width":"","footnotes":""},"categories":[1],"tags":[],"class_list":["post-9072","post","type-post","status-publish","format-standard","has-post-thumbnail","hentry","category-dudas-especias"],"yoast_head":"<!-- This site is optimized with the Yoast SEO plugin v27.4 - https:\/\/yoast.com\/product\/yoast-seo-wordpress\/ -->\n<title>La Barraca Alimentaci\u00f3n - La Casa del Sabor<\/title>\n<meta name=\"description\" content=\"Una de las marcas con mayor tradici\u00f3n y prestigio entre las empresas especializadas en especias, hierbas y condimentos de Espa\u00f1a.\" \/>\n<meta name=\"robots\" content=\"index, follow, max-snippet:-1, max-image-preview:large, max-video-preview:-1\" \/>\n<link rel=\"canonical\" href=\"https:\/\/labarraca1912.es\/pt\/36-salon-gourmets-madrid\/\" \/>\n<meta property=\"og:locale\" content=\"pt_PT\" \/>\n<meta property=\"og:type\" content=\"article\" \/>\n<meta property=\"og:title\" content=\"La Barraca Alimentaci\u00f3n - La Casa del Sabor\" \/>\n<meta property=\"og:description\" content=\"Una de las marcas con mayor tradici\u00f3n y prestigio entre las empresas especializadas en especias, hierbas y condimentos de Espa\u00f1a.\" \/>\n<meta property=\"og:url\" content=\"https:\/\/labarraca1912.es\/pt\/36-salon-gourmets-madrid\/\" \/>\n<meta property=\"og:site_name\" content=\"La Barraca\" \/>\n<meta property=\"article:published_time\" content=\"2023-04-21T07:47:19+00:00\" \/>\n<meta property=\"article:modified_time\" content=\"2023-04-21T07:53:15+00:00\" \/>\n<meta property=\"og:image\" content=\"https:\/\/labarraca1912.es\/wp-content\/uploads\/Base-Slider-Web-3-scaled.jpg\" \/>\n\t<meta property=\"og:image:width\" content=\"1920\" \/>\n\t<meta property=\"og:image:height\" content=\"1080\" \/>\n\t<meta property=\"og:image:type\" content=\"image\/jpeg\" \/>\n<meta name=\"author\" content=\"Marcelo Alted\" \/>\n<meta name=\"twitter:card\" content=\"summary_large_image\" \/>\n<meta name=\"twitter:label1\" content=\"Escrito por\" \/>\n\t<meta name=\"twitter:data1\" content=\"Marcelo Alted\" \/>\n\t<meta name=\"twitter:label2\" content=\"Tempo estimado de leitura\" \/>\n\t<meta name=\"twitter:data2\" content=\"1 minuto\" \/>\n<script type=\"application\/ld+json\" class=\"yoast-schema-graph\">{\"@context\":\"https:\\\/\\\/schema.org\",\"@graph\":[{\"@type\":\"Article\",\"@id\":\"https:\\\/\\\/labarraca1912.es\\\/36-salon-gourmets-madrid\\\/#article\",\"isPartOf\":{\"@id\":\"https:\\\/\\\/labarraca1912.es\\\/36-salon-gourmets-madrid\\\/\"},\"author\":{\"name\":\"Marcelo Alted\",\"@id\":\"https:\\\/\\\/labarraca1912.es\\\/#\\\/schema\\\/person\\\/4b10d6474ad3b3d53e0d88b3fd28cace\"},\"headline\":\"36 Sal\u00f3n Gourmets &#8211; Madrid\",\"datePublished\":\"2023-04-21T07:47:19+00:00\",\"dateModified\":\"2023-04-21T07:53:15+00:00\",\"mainEntityOfPage\":{\"@id\":\"https:\\\/\\\/labarraca1912.es\\\/36-salon-gourmets-madrid\\\/\"},\"wordCount\":128,\"commentCount\":0,\"publisher\":{\"@id\":\"https:\\\/\\\/labarraca1912.es\\\/#organization\"},\"image\":{\"@id\":\"https:\\\/\\\/labarraca1912.es\\\/36-salon-gourmets-madrid\\\/#primaryimage\"},\"thumbnailUrl\":\"https:\\\/\\\/labarraca1912.es\\\/wp-content\\\/uploads\\\/Base-Slider-Web-3-scaled.jpg\",\"articleSection\":[\"Dudas sobre las especias\"],\"inLanguage\":\"pt-PT\",\"potentialAction\":[{\"@type\":\"CommentAction\",\"name\":\"Comment\",\"target\":[\"https:\\\/\\\/labarraca1912.es\\\/36-salon-gourmets-madrid\\\/#respond\"]}]},{\"@type\":\"WebPage\",\"@id\":\"https:\\\/\\\/labarraca1912.es\\\/36-salon-gourmets-madrid\\\/\",\"url\":\"https:\\\/\\\/labarraca1912.es\\\/36-salon-gourmets-madrid\\\/\",\"name\":\"La Barraca Alimentaci\u00f3n - La Casa del Sabor\",\"isPartOf\":{\"@id\":\"https:\\\/\\\/labarraca1912.es\\\/#website\"},\"primaryImageOfPage\":{\"@id\":\"https:\\\/\\\/labarraca1912.es\\\/36-salon-gourmets-madrid\\\/#primaryimage\"},\"image\":{\"@id\":\"https:\\\/\\\/labarraca1912.es\\\/36-salon-gourmets-madrid\\\/#primaryimage\"},\"thumbnailUrl\":\"https:\\\/\\\/labarraca1912.es\\\/wp-content\\\/uploads\\\/Base-Slider-Web-3-scaled.jpg\",\"datePublished\":\"2023-04-21T07:47:19+00:00\",\"dateModified\":\"2023-04-21T07:53:15+00:00\",\"description\":\"Una de las marcas con mayor tradici\u00f3n y prestigio entre las empresas especializadas en especias, hierbas y condimentos de Espa\u00f1a.\",\"breadcrumb\":{\"@id\":\"https:\\\/\\\/labarraca1912.es\\\/36-salon-gourmets-madrid\\\/#breadcrumb\"},\"inLanguage\":\"pt-PT\",\"potentialAction\":[{\"@type\":\"ReadAction\",\"target\":[\"https:\\\/\\\/labarraca1912.es\\\/36-salon-gourmets-madrid\\\/\"]}]},{\"@type\":\"ImageObject\",\"inLanguage\":\"pt-PT\",\"@id\":\"https:\\\/\\\/labarraca1912.es\\\/36-salon-gourmets-madrid\\\/#primaryimage\",\"url\":\"https:\\\/\\\/labarraca1912.es\\\/wp-content\\\/uploads\\\/Base-Slider-Web-3-scaled.jpg\",\"contentUrl\":\"https:\\\/\\\/labarraca1912.es\\\/wp-content\\\/uploads\\\/Base-Slider-Web-3-scaled.jpg\",\"width\":1920,\"height\":1080},{\"@type\":\"BreadcrumbList\",\"@id\":\"https:\\\/\\\/labarraca1912.es\\\/36-salon-gourmets-madrid\\\/#breadcrumb\",\"itemListElement\":[{\"@type\":\"ListItem\",\"position\":1,\"name\":\"La Barraca\",\"item\":\"https:\\\/\\\/labarraca1912.es\\\/\"},{\"@type\":\"ListItem\",\"position\":2,\"name\":\"36 Sal\u00f3n Gourmets &#8211; Madrid\"}]},{\"@type\":\"WebSite\",\"@id\":\"https:\\\/\\\/labarraca1912.es\\\/#website\",\"url\":\"https:\\\/\\\/labarraca1912.es\\\/\",\"name\":\"La Barraca\",\"description\":\"La Casa del Sabor\",\"publisher\":{\"@id\":\"https:\\\/\\\/labarraca1912.es\\\/#organization\"},\"potentialAction\":[{\"@type\":\"SearchAction\",\"target\":{\"@type\":\"EntryPoint\",\"urlTemplate\":\"https:\\\/\\\/labarraca1912.es\\\/?s={search_term_string}\"},\"query-input\":{\"@type\":\"PropertyValueSpecification\",\"valueRequired\":true,\"valueName\":\"search_term_string\"}}],\"inLanguage\":\"pt-PT\"},{\"@type\":\"Organization\",\"@id\":\"https:\\\/\\\/labarraca1912.es\\\/#organization\",\"name\":\"La Barraca 1912 Alimentacion\",\"url\":\"https:\\\/\\\/labarraca1912.es\\\/\",\"logo\":{\"@type\":\"ImageObject\",\"inLanguage\":\"pt-PT\",\"@id\":\"https:\\\/\\\/labarraca1912.es\\\/#\\\/schema\\\/logo\\\/image\\\/\",\"url\":\"https:\\\/\\\/labarraca1912.es\\\/wp-content\\\/uploads\\\/2019\\\/06\\\/logo-labarraca.png\",\"contentUrl\":\"https:\\\/\\\/labarraca1912.es\\\/wp-content\\\/uploads\\\/2019\\\/06\\\/logo-labarraca.png\",\"width\":2917,\"height\":1809,\"caption\":\"La Barraca 1912 Alimentacion\"},\"image\":{\"@id\":\"https:\\\/\\\/labarraca1912.es\\\/#\\\/schema\\\/logo\\\/image\\\/\"}},{\"@type\":\"Person\",\"@id\":\"https:\\\/\\\/labarraca1912.es\\\/#\\\/schema\\\/person\\\/4b10d6474ad3b3d53e0d88b3fd28cace\",\"name\":\"Marcelo Alted\",\"image\":{\"@type\":\"ImageObject\",\"inLanguage\":\"pt-PT\",\"@id\":\"https:\\\/\\\/secure.gravatar.com\\\/avatar\\\/74db7b044acbe8046c5bad225157a0a7257e9aea14679bfe085b87240b10ae56?s=96&d=mm&r=g\",\"url\":\"https:\\\/\\\/secure.gravatar.com\\\/avatar\\\/74db7b044acbe8046c5bad225157a0a7257e9aea14679bfe085b87240b10ae56?s=96&d=mm&r=g\",\"contentUrl\":\"https:\\\/\\\/secure.gravatar.com\\\/avatar\\\/74db7b044acbe8046c5bad225157a0a7257e9aea14679bfe085b87240b10ae56?s=96&d=mm&r=g\",\"caption\":\"Marcelo Alted\"},\"url\":\"https:\\\/\\\/labarraca1912.es\\\/pt\\\/author\\\/marcelo\\\/\"}]}<\/script>\n<!-- \/ Yoast SEO plugin. -->","yoast_head_json":{"title":"La Barraca Alimentaci\u00f3n - La Casa del Sabor","description":"Una de las marcas con mayor tradici\u00f3n y prestigio entre las empresas especializadas en especias, hierbas y condimentos de Espa\u00f1a.","robots":{"index":"index","follow":"follow","max-snippet":"max-snippet:-1","max-image-preview":"max-image-preview:large","max-video-preview":"max-video-preview:-1"},"canonical":"https:\/\/labarraca1912.es\/pt\/36-salon-gourmets-madrid\/","og_locale":"pt_PT","og_type":"article","og_title":"La Barraca Alimentaci\u00f3n - La Casa del Sabor","og_description":"Una de las marcas con mayor tradici\u00f3n y prestigio entre las empresas especializadas en especias, hierbas y condimentos de Espa\u00f1a.","og_url":"https:\/\/labarraca1912.es\/pt\/36-salon-gourmets-madrid\/","og_site_name":"La Barraca","article_published_time":"2023-04-21T07:47:19+00:00","article_modified_time":"2023-04-21T07:53:15+00:00","og_image":[{"width":1920,"height":1080,"url":"https:\/\/labarraca1912.es\/wp-content\/uploads\/Base-Slider-Web-3-scaled.jpg","type":"image\/jpeg"}],"author":"Marcelo Alted","twitter_card":"summary_large_image","twitter_misc":{"Escrito por":"Marcelo Alted","Tempo estimado de leitura":"1 minuto"},"schema":{"@context":"https:\/\/schema.org","@graph":[{"@type":"Article","@id":"https:\/\/labarraca1912.es\/36-salon-gourmets-madrid\/#article","isPartOf":{"@id":"https:\/\/labarraca1912.es\/36-salon-gourmets-madrid\/"},"author":{"name":"Marcelo Alted","@id":"https:\/\/labarraca1912.es\/#\/schema\/person\/4b10d6474ad3b3d53e0d88b3fd28cace"},"headline":"36 Sal\u00f3n Gourmets &#8211; Madrid","datePublished":"2023-04-21T07:47:19+00:00","dateModified":"2023-04-21T07:53:15+00:00","mainEntityOfPage":{"@id":"https:\/\/labarraca1912.es\/36-salon-gourmets-madrid\/"},"wordCount":128,"commentCount":0,"publisher":{"@id":"https:\/\/labarraca1912.es\/#organization"},"image":{"@id":"https:\/\/labarraca1912.es\/36-salon-gourmets-madrid\/#primaryimage"},"thumbnailUrl":"https:\/\/labarraca1912.es\/wp-content\/uploads\/Base-Slider-Web-3-scaled.jpg","articleSection":["Dudas sobre las especias"],"inLanguage":"pt-PT","potentialAction":[{"@type":"CommentAction","name":"Comment","target":["https:\/\/labarraca1912.es\/36-salon-gourmets-madrid\/#respond"]}]},{"@type":"WebPage","@id":"https:\/\/labarraca1912.es\/36-salon-gourmets-madrid\/","url":"https:\/\/labarraca1912.es\/36-salon-gourmets-madrid\/","name":"La Barraca Alimentaci\u00f3n - La Casa del Sabor","isPartOf":{"@id":"https:\/\/labarraca1912.es\/#website"},"primaryImageOfPage":{"@id":"https:\/\/labarraca1912.es\/36-salon-gourmets-madrid\/#primaryimage"},"image":{"@id":"https:\/\/labarraca1912.es\/36-salon-gourmets-madrid\/#primaryimage"},"thumbnailUrl":"https:\/\/labarraca1912.es\/wp-content\/uploads\/Base-Slider-Web-3-scaled.jpg","datePublished":"2023-04-21T07:47:19+00:00","dateModified":"2023-04-21T07:53:15+00:00","description":"Una de las marcas con mayor tradici\u00f3n y prestigio entre las empresas especializadas en especias, hierbas y condimentos de Espa\u00f1a.","breadcrumb":{"@id":"https:\/\/labarraca1912.es\/36-salon-gourmets-madrid\/#breadcrumb"},"inLanguage":"pt-PT","potentialAction":[{"@type":"ReadAction","target":["https:\/\/labarraca1912.es\/36-salon-gourmets-madrid\/"]}]},{"@type":"ImageObject","inLanguage":"pt-PT","@id":"https:\/\/labarraca1912.es\/36-salon-gourmets-madrid\/#primaryimage","url":"https:\/\/labarraca1912.es\/wp-content\/uploads\/Base-Slider-Web-3-scaled.jpg","contentUrl":"https:\/\/labarraca1912.es\/wp-content\/uploads\/Base-Slider-Web-3-scaled.jpg","width":1920,"height":1080},{"@type":"BreadcrumbList","@id":"https:\/\/labarraca1912.es\/36-salon-gourmets-madrid\/#breadcrumb","itemListElement":[{"@type":"ListItem","position":1,"name":"La Barraca","item":"https:\/\/labarraca1912.es\/"},{"@type":"ListItem","position":2,"name":"36 Sal\u00f3n Gourmets &#8211; Madrid"}]},{"@type":"WebSite","@id":"https:\/\/labarraca1912.es\/#website","url":"https:\/\/labarraca1912.es\/","name":"La Barraca","description":"La Casa del Sabor","publisher":{"@id":"https:\/\/labarraca1912.es\/#organization"},"potentialAction":[{"@type":"SearchAction","target":{"@type":"EntryPoint","urlTemplate":"https:\/\/labarraca1912.es\/?s={search_term_string}"},"query-input":{"@type":"PropertyValueSpecification","valueRequired":true,"valueName":"search_term_string"}}],"inLanguage":"pt-PT"},{"@type":"Organization","@id":"https:\/\/labarraca1912.es\/#organization","name":"La Barraca 1912 Alimentacion","url":"https:\/\/labarraca1912.es\/","logo":{"@type":"ImageObject","inLanguage":"pt-PT","@id":"https:\/\/labarraca1912.es\/#\/schema\/logo\/image\/","url":"https:\/\/labarraca1912.es\/wp-content\/uploads\/2019\/06\/logo-labarraca.png","contentUrl":"https:\/\/labarraca1912.es\/wp-content\/uploads\/2019\/06\/logo-labarraca.png","width":2917,"height":1809,"caption":"La Barraca 1912 Alimentacion"},"image":{"@id":"https:\/\/labarraca1912.es\/#\/schema\/logo\/image\/"}},{"@type":"Person","@id":"https:\/\/labarraca1912.es\/#\/schema\/person\/4b10d6474ad3b3d53e0d88b3fd28cace","name":"Marcelo Alted","image":{"@type":"ImageObject","inLanguage":"pt-PT","@id":"https:\/\/secure.gravatar.com\/avatar\/74db7b044acbe8046c5bad225157a0a7257e9aea14679bfe085b87240b10ae56?s=96&d=mm&r=g","url":"https:\/\/secure.gravatar.com\/avatar\/74db7b044acbe8046c5bad225157a0a7257e9aea14679bfe085b87240b10ae56?s=96&d=mm&r=g","contentUrl":"https:\/\/secure.gravatar.com\/avatar\/74db7b044acbe8046c5bad225157a0a7257e9aea14679bfe085b87240b10ae56?s=96&d=mm&r=g","caption":"Marcelo Alted"},"url":"https:\/\/labarraca1912.es\/pt\/author\/marcelo\/"}]}},"_links":{"self":[{"href":"https:\/\/labarraca1912.es\/pt\/wp-json\/wp\/v2\/posts\/9072","targetHints":{"allow":["GET"]}}],"collection":[{"href":"https:\/\/labarraca1912.es\/pt\/wp-json\/wp\/v2\/posts"}],"about":[{"href":"https:\/\/labarraca1912.es\/pt\/wp-json\/wp\/v2\/types\/post"}],"author":[{"embeddable":true,"href":"https:\/\/labarraca1912.es\/pt\/wp-json\/wp\/v2\/users\/2"}],"replies":[{"embeddable":true,"href":"https:\/\/labarraca1912.es\/pt\/wp-json\/wp\/v2\/comments?post=9072"}],"version-history":[{"count":0,"href":"https:\/\/labarraca1912.es\/pt\/wp-json\/wp\/v2\/posts\/9072\/revisions"}],"wp:featuredmedia":[{"embeddable":true,"href":"https:\/\/labarraca1912.es\/pt\/wp-json\/wp\/v2\/media\/9034"}],"wp:attachment":[{"href":"https:\/\/labarraca1912.es\/pt\/wp-json\/wp\/v2\/media?parent=9072"}],"wp:term":[{"taxonomy":"category","embeddable":true,"href":"https:\/\/labarraca1912.es\/pt\/wp-json\/wp\/v2\/categories?post=9072"},{"taxonomy":"post_tag","embeddable":true,"href":"https:\/\/labarraca1912.es\/pt\/wp-json\/wp\/v2\/tags?post=9072"}],"curies":[{"name":"wp","href":"https:\/\/api.w.org\/{rel}","templated":true}]}}